{"id":3519,"date":"2026-04-30T10:37:44","date_gmt":"2026-04-30T08:37:44","guid":{"rendered":"https:\/\/biletyna.pl\/blog\/?p=3519"},"modified":"2026-04-30T10:37:44","modified_gmt":"2026-04-30T08:37:44","slug":"co-warto-robic-w-maj","status":"publish","type":"post","link":"https:\/\/biletyna.pl\/blog\/co-warto-robic-w-maj\/","title":{"rendered":"Na jakie wydarzenia warto wybra\u0107 si\u0119 w maju?"},"content":{"rendered":"\n<figure class=\"wp-block-image size-large\"><img loading=\"lazy\" decoding=\"async\" width=\"1024\" height=\"383\" src=\"https:\/\/biletyna.pl\/blog\/wp-content\/uploads\/2026\/04\/Co-sie-dzieje-w-tym-miesiacu-Maj-1024x383.png\" alt=\"Co si\u0119 dzieje w tym miesi\u0105cu - Maj\" class=\"wp-image-3520\" srcset=\"https:\/\/biletyna.pl\/blog\/wp-content\/uploads\/2026\/04\/Co-sie-dzieje-w-tym-miesiacu-Maj-1024x383.png 1024w, https:\/\/biletyna.pl\/blog\/wp-content\/uploads\/2026\/04\/Co-sie-dzieje-w-tym-miesiacu-Maj-300x112.png 300w, https:\/\/biletyna.pl\/blog\/wp-content\/uploads\/2026\/04\/Co-sie-dzieje-w-tym-miesiacu-Maj-768x287.png 768w, https:\/\/biletyna.pl\/blog\/wp-content\/uploads\/2026\/04\/Co-sie-dzieje-w-tym-miesiacu-Maj-1536x574.png 1536w, https:\/\/biletyna.pl\/blog\/wp-content\/uploads\/2026\/04\/Co-sie-dzieje-w-tym-miesiacu-Maj-2048x766.png 2048w, https:\/\/biletyna.pl\/blog\/wp-content\/uploads\/2026\/04\/Co-sie-dzieje-w-tym-miesiacu-Maj-1070x400.png 1070w, https:\/\/biletyna.pl\/blog\/wp-content\/uploads\/2026\/04\/Co-sie-dzieje-w-tym-miesiacu-Maj-455x170.png 455w, https:\/\/biletyna.pl\/blog\/wp-content\/uploads\/2026\/04\/Co-sie-dzieje-w-tym-miesiacu-Maj-267x100.png 267w\" sizes=\"auto, (max-width: 1024px) 100vw, 1024px\" \/><\/figure>\n\n\n\n<p><strong>Maj to ten miesi\u0105c, w kt\u00f3rym kulturalny kalendarz wyra\u017anie przyspiesza. Z jednej strony wci\u0105\u017c rz\u0105dz\u0105 sprawdzone, \u201esalowe\u201d formaty \u2013 koncerty, spektakle, kabarety i stand-upy \u2013 a z drugiej zaczyna si\u0119 sezon wyjazd\u00f3w i plenerowych emocji. Po maj\u00f3wce \u0142atwiej znale\u017a\u0107 pretekst, \u017ceby wyj\u015b\u0107 z domu, a wieczory robi\u0105 si\u0119 na tyle d\u0142ugie, \u017ce nawet spontaniczny plan w \u015brodku tygodnia przestaje brzmie\u0107 jak logistyczne wyzwanie.<\/strong><\/p>\n\n\n\n<h2 class=\"wp-block-heading\">Jakie koncerty wybra\u0107 w maju?<\/h2>\n\n\n\n<p>W majowych koncertach wida\u0107 dwa nurty, kt\u00f3re \u015bwietnie si\u0119 uzupe\u0142niaj\u0105. Pierwszy to muzyka \u201edo prze\u017cycia\u201d \u2013 bardziej kameralna, z naciskiem na tekst, nastr\u00f3j i kontakt z publiczno\u015bci\u0105. Drugi to wydarzenia zbiorowe, czyli festiwalowa energia juwenali\u00f3w: du\u017co ludzi, kilka scenicznych emocji w pakiecie i wra\u017cenie, \u017ce miasto naprawd\u0119 \u017cyje.<\/p>\n\n\n\n<p>Je\u015bli bli\u017cej Ci do koncert\u00f3w, na kt\u00f3rych chcesz usi\u0105\u015b\u0107, ws\u0142ucha\u0107 si\u0119 i z\u0142apa\u0107 oddech, warto zacz\u0105\u0107 od <a href=\"https:\/\/biletyna.pl\/koncert\/Stare-Dobre-Malzenstwo\"><strong>Starego Dobrego Ma\u0142\u017ce\u0144stwa<\/strong><\/a>. W maju zesp\u00f3\u0142 gra w wielu miejscach, wi\u0119c \u0142atwo dopasowa\u0107 termin do w\u0142asnych plan\u00f3w \u2013 na przyk\u0142ad 4 maja w Warszawie, 21 maja w Gda\u0144sku czy 23 maja we Wroc\u0142awiu. To \u015bwietny wyb\u00f3r na wiecz\u00f3r, kt\u00f3ry ma bardziej \u201epiosenkowy\u201d ni\u017c imprezowy charakter.<\/p>\n\n\n\n<p>W podobnym klimacie, ale z inn\u0105 energi\u0105 i autorskim sznytem, jest wyst\u0119p <a href=\"https:\/\/biletyna.pl\/koncert\/Grzegorz-Turnau\/Szosta-Godzina\"><strong>Grzegorza Turnaua<\/strong><\/a> z programem \u201eSz\u00f3sta Godzina\u201d, kt\u00f3ry pojawi si\u0119 17 maja w Szczecinie. Je\u015bli lubisz koncerty, kt\u00f3re dzia\u0142aj\u0105 jak rozmowa i muzyczna opowie\u015b\u0107 w jednym, to dobry trop. Maj ma te\u017c propozycj\u0119 dla os\u00f3b, kt\u00f3re ceni\u0105 sceniczny styl, elegancj\u0119 i repertuar z klas\u0105. <a href=\"https:\/\/biletyna.pl\/koncert\/Irena-Santor\/W-roli-glownej-2\"><strong>Irena Santor<\/strong><\/a> w programie \u201eW roli g\u0142\u00f3wnej\u201d wyst\u0105pi w maju czterokrotnie w r\u00f3\u017cnych cz\u0119\u015bciach Polski. To plan na wiecz\u00f3r, kt\u00f3ry bardziej celebruje muzyk\u0119 ni\u017c j\u0105 \u201eodhacza\u201d.<\/p>\n\n\n\n<p>A je\u015bli masz ochot\u0119 na brzmienie klasyczne, ale podane w formie przyst\u0119pnego, widowiskowego koncertu, dobrze sprawdzi si\u0119 <a href=\"https:\/\/biletyna.pl\/koncert\/Koncert-Krolewski-Majestat-Klasyki\"><strong>Koncert Kr\u00f3lewski Majestat Klasyki<\/strong><\/a>. W maju wydarzenie odb\u0119dzie si\u0119 w \u0141om\u017cy, Elbl\u0105gu, Jarocinie, Bia\u0142ymstoku, Kielcach i Olsztynie, wi\u0119c mo\u017cna wybra\u0107 miasto najbli\u017cej siebie i potraktowa\u0107 to jako muzyczn\u0105 odmian\u0119 od standardowego koncertowego schematu.<\/p>\n\n\n\n<h2 class=\"wp-block-heading\">Majowe juwenalia \u2013 jakie miasta odwiedzi\u0107?<\/h2>\n\n\n\n<p>Druga po\u0142owa miesi\u0105ca robi si\u0119 bardziej festiwalowa. Je\u015bli lubisz klimat \u201ewyjazdu na wydarzenie\u201d albo chcesz po prostu sp\u0119dzi\u0107 intensywny weekend w mie\u015bcie, maj daje w tej kategorii kilka mocnych opcji.<\/p>\n\n\n\n<p>W Lublinie czekaj\u0105 <a href=\"https:\/\/biletyna.pl\/festiwal\/Lublinalia-Lubelskie-Dni-Kultury-Studenckiej\"><strong>Lublinalia<\/strong><\/a>, czyli Lubelskie Dni Kultury Studenckiej, zaplanowane na 15\u201316 maja. Dwudniowy format to wygodny uk\u0142ad: mo\u017cna zaplanowa\u0107 jeden dzie\u0144 lub zrobi\u0107 pe\u0142ny, festiwalowy weekend. W Szczecinie odbywaj\u0105 si\u0119 <a href=\"https:\/\/biletyna.pl\/festiwal\/Juwenalia-Szczecin\"><strong>Juwenalia Szczecin 2026<\/strong><\/a> w terminie 21\u201323 maja, czyli idealnie na moment, gdy wiosna jest ju\u017c \u201ena serio\u201d, a apetyt na wyj\u015bcia ro\u015bnie. Na sam koniec miesi\u0105ca warto rzuci\u0107 okiem na <a href=\"https:\/\/biletyna.pl\/festiwal\/Kortowiada\"><strong>Kortowiad\u0119 2026<\/strong><\/a>, czyli 65. edycj\u0119 festiwalu studenckiego w Olsztynie, w dniach 28\u201330 maja. To propozycja dla tych, kt\u00f3rzy chc\u0105 zamkn\u0105\u0107 maj mocnym akcentem i poczu\u0107 typowo festiwalowy vibe.<\/p>\n\n\n\n<h2 class=\"wp-block-heading\">Na jaki spektakl teatralny i\u015b\u0107 w maju?<\/h2>\n\n\n\n<p>Majowy repertuar spektakli teatralnych na Biletynie mocno stoi relacjami i komedi\u0105 \u2013 dobrze sprawdzi si\u0119 zar\u00f3wno jako \u201epierwszy raz w teatrze od dawna\u201d, jak i jako pewny plan na wiecz\u00f3r, kiedy chcesz si\u0119 po\u015bmia\u0107, ale bez wra\u017cenia, \u017ce ogl\u0105dasz lekk\u0105 b\u0142ahostk\u0119. Tutaj humor wynika z sytuacji, niedopowiedze\u0144 i tego, jak ludzie potrafi\u0105 sami sobie skomplikowa\u0107 \u017cycie.<\/p>\n\n\n\n<p>Je\u015bli lubisz komedie pomy\u0142ek, w kt\u00f3rych rodzinne i zawodowe plany zderzaj\u0105 si\u0119 czo\u0142owo, dobrym wyborem b\u0119d\u0105 <strong>\u201e<\/strong><a href=\"https:\/\/biletyna.pl\/spektakl\/Krolowe-zycia\"><strong>Kr\u00f3lowe \u017cycia<\/strong><\/a><strong>\u201d<\/strong>. W maju spektakl pojawia si\u0119 m.in. 6 maja w Garwolinie, 9 maja we Wroc\u0142awiu, 16 maja w Gda\u0144sku czy 17 maja w Warszawie, wi\u0119c \u0142atwo znale\u017a\u0107 termin blisko siebie. Dla os\u00f3b, kt\u00f3re ceni\u0105 komedi\u0119 z rozpoznawalnymi emocjami i du\u017c\u0105 dawk\u0105 \u017cyciowych obserwacji, mocno dzia\u0142a <strong>\u201e<\/strong><a href=\"https:\/\/biletyna.pl\/spektakl\/Klimakterium-i-juz\"><strong>Klimakterium\u2026 i ju\u017c<\/strong><\/a><strong>\u201d<\/strong>. To ten typ spektaklu, po kt\u00f3rym wychodzi si\u0119 z poczuciem, \u017ce by\u0142o i zabawnie, i jako\u015b znajomo \u2013 a majowe terminy (np. 16 maja w K\u0119pnie, 17 maja w Bielsku-Bia\u0142ej czy 25 maja w Warszawie) daj\u0105 kilka okazji do wyboru. Je\u015bli szukasz farsy w szybkim tempie, gdzie humor wynika z \u201epomys\u0142 by\u0142 \u015bwietny, dop\u00f3ki nie trzeba by\u0142o go zrealizowa\u0107\u201d, sprawd\u017a <strong>\u201e<\/strong><a href=\"https:\/\/biletyna.pl\/spektakl\/Golo-i-Wesolo\"><strong>Go\u0142o i Weso\u0142o<\/strong><\/a><strong>\u201d<\/strong>. W maju spektakl odb\u0119dzie si\u0119 m.in. 4 maja w Krakowie, 8 maja w Warszawie i 17 maja w Poznaniu.<\/p>\n\n\n\n<p>Na klasyczny, sprawdzony wiecz\u00f3r teatralny \u015bwietnie pasuje te\u017c <strong>\u201e<\/strong><a href=\"https:\/\/biletyna.pl\/spektakl\/Kolacja-dla-glupca-rez-Cezary-Zak\"><strong>Kolacja dla g\u0142upca<\/strong><\/a><strong>\u201d<\/strong> w re\u017cyserii Cezarego \u017baka. To komedia, kt\u00f3ra \u015bwietnie dzia\u0142a na publiczno\u015b\u0107, bo wci\u0105ga od razu i prowadzi do fina\u0142u z mocn\u0105 puent\u0105. W maju mo\u017cna j\u0105 obejrze\u0107 m.in. 13 maja w Poznaniu, 14 maja w Gda\u0144sku i 21 maja w Warszawie. A je\u015bli lubisz komedi\u0119, w kt\u00f3rej napi\u0119cie rodzinne narasta z ka\u017cd\u0105 minut\u0105, zwr\u00f3\u0107 uwag\u0119 na <strong>\u201e<\/strong><a href=\"https:\/\/biletyna.pl\/spektakl\/Wstyd\"><strong>Wstyd<\/strong><\/a><strong>\u201d<\/strong>, czyli \u201eTe\u015bciowie\u201d w wersji teatralnej \u2013 w maju pojawia si\u0119 m.in. 8 maja w Poznaniu, 16 maja w Lublinie i 17 maja w \u0141odzi.<\/p>\n\n\n\n<h2 class=\"wp-block-heading\">Jakie kabarety polecamy w maju?<\/h2>\n\n\n\n<p>Kabaret sprawdza si\u0119 idealnie, kiedy chcesz sp\u0119dzi\u0107 wiecz\u00f3r bez \u201edu\u017cych decyzji\u201d: po prostu przyj\u015b\u0107, usi\u0105\u015b\u0107 i \u015bmia\u0107 si\u0119 z rzeczy, kt\u00f3re na co dzie\u0144 bywaj\u0105 irytuj\u0105ce, absurdalne albo po prostu znajome. W majowym kalendarzu s\u0105 zar\u00f3wno du\u017ce, rozpoznawalne formaty, jak i programy, kt\u00f3re mocno id\u0105 w interakcj\u0119 i \u015bwie\u017cy materia\u0142.<\/p>\n\n\n\n<p>Je\u015bli lubisz kabaretowe pewniaki, <strong>Kabaret Ani Mru Mru<\/strong> w programie <strong>\u201e<\/strong><a href=\"https:\/\/biletyna.pl\/kabaret\/Kabaret-Ani-Mru-Mru\/Mniej-wiecej\"><strong>Mniej wi\u0119cej<\/strong><\/a><strong>\u201d<\/strong> to bardzo bezpieczny wyb\u00f3r. W maju ekipa jest w trasie i pojawia si\u0119 m.in. 8 maja w Wieluniu, 15 maja w Olsztynie, 16 maja w Koszalinie czy 21 maja w Skierniewicach. To dobry plan na wiecz\u00f3r, kt\u00f3ry ma by\u0107 po prostu \u201epewn\u0105 dawk\u0105 \u015bmiechu\u201d. W podobnym klimacie wyrazistej scenicznej osobowo\u015bci dzia\u0142a <strong>Robert Kor\u00f3lczyk<\/strong> z programem <strong>\u201e<\/strong><a href=\"https:\/\/biletyna.pl\/kabaret\/Robert-Korolczyk-Co-ludzie-powiedza\"><strong>Bo co ludzie powiedz\u0105?<\/strong><\/a><strong>\u201d<\/strong>. W maju pojawia si\u0119 w wielu miastach regionu \u015bl\u0105sko-opolskiego (m.in. Pszczyna, Bielsko-Bia\u0142a, Rybnik, Opole), wi\u0119c je\u015bli to Twoje okolice, warto sprawdzi\u0107 dost\u0119pne terminy. Je\u017celi szukasz kabaretu z wi\u0119kszym naciskiem na kontakt z publiczno\u015bci\u0105 i muzyczn\u0105 energi\u0119, dobrze wypada <strong>Kabaret Trzecia Strona Medalu<\/strong> z programem <strong>\u201e<\/strong><a href=\"https:\/\/biletyna.pl\/kabaret\/Kabaret-Trzecia-Strona-Medalu\/Kryzys-zlotego-wieku\"><strong>Kryzys z\u0142otego wieku<\/strong><\/a><strong>\u201d<\/strong>. W maju pojawiaj\u0105 si\u0119 m.in. w Brze\u015bciu Kujawskim, Pu\u0142tusku, Jeleniej G\u00f3rze czy Prudniku, wi\u0119c to ciekawa propozycja r\u00f3wnie\u017c poza najwi\u0119kszymi miastami. Na koniec co\u015b dla fan\u00f3w rozpoznawalnych postaci i \u201epowrot\u00f3w\u201d w kabaretowym stylu: <strong>Kabaret Skecz\u00f3w M\u0119cz\u0105cych<\/strong> z programem <strong>\u201e<\/strong><a href=\"https:\/\/biletyna.pl\/kabaret\/Kabaret-Skeczow-Meczacych\/Wielcy-wracaja\"><strong>Wielcy wracaj\u0105<\/strong><\/a><strong>\u201d<\/strong>. W maju mo\u017cna ich zobaczy\u0107 10 maja w Skar\u017cysku-Kamiennej i 17 maja w Be\u0142chatowie.<\/p>\n\n\n\n<h2 class=\"wp-block-heading\">Stand-up w maju: na co warto si\u0119 wybra\u0107?<\/h2>\n\n\n\n<p>Stand-up to dobra opcja, je\u015bli chcesz humoru \u201etu i teraz\u201d, o codzienno\u015bci, relacjach i absurdach \u015bwiata. To format, kt\u00f3ry nie potrzebuje d\u0142ugiego wst\u0119pu: kilka minut i ju\u017c wiesz, czy \u0142apiesz ten styl. W tym miesi\u0105cu wyr\u00f3\u017cnia si\u0119 szczeg\u00f3lnie jedna rzecz: mo\u017cesz wybiera\u0107 nie tylko po nazwisku, ale te\u017c po typie opowie\u015bci.<\/p>\n\n\n\n<p>Ciekawie wypada majowy zestaw program\u00f3w <strong>Wojciecha Cejrowskiego<\/strong>, bo w tym miesi\u0105cu pojawia si\u0119 z trzema r\u00f3\u017cnymi wyst\u0119pami. <strong>\u201e<\/strong><a href=\"https:\/\/biletyna.pl\/stand-up\/Wojciech-Cejrowski\/Trudne-dziecinstwo\"><strong>Trudne dzieci\u0144stwo<\/strong><\/a><strong>\u201d<\/strong> jest grane m.in. 7 maja w Krakowie i 11 maja w Kaliszu, <strong>\u201e<\/strong><a href=\"https:\/\/biletyna.pl\/stand-up\/Wojciech-Cejrowski\/Nie-chcecie-tam-byc\"><strong>Nie chcecie tam by\u0107<\/strong><\/a><strong>\u201d<\/strong> pojawia si\u0119 m.in. 5 maja w Katowicach, a <strong>\u201e<\/strong><a href=\"https:\/\/biletyna.pl\/stand-up\/Wojciech-Cejrowski\/Smak-Tropikow\"><strong>Smak Tropik\u00f3w<\/strong><\/a><strong>\u201d<\/strong> mo\u017cna zobaczy\u0107 m.in. 8 maja w Tychach, 11 maja w Kaliszu, 13 maja w Pruszkowie i 14 maja w Warszawie, aczkolwiek na ten program zosta\u0142y ostatnie bilety. Je\u015bli lubisz stand-up w formule gaw\u0119dy i podr\u00f3\u017cniczych historii, to w\u0142a\u015bnie tu jest tego najwi\u0119cej. Dla os\u00f3b, kt\u00f3re wol\u0105 bardziej wsp\u00f3\u0142czesny, szybki i obserwacyjny styl, dobrym wyborem b\u0119dzie <strong>Katarzyna Piasecka<\/strong> z programem <strong>\u201e<\/strong><a href=\"https:\/\/biletyna.pl\/stand-up\/Katarzyna-Piasecka\/BAGUS\"><strong>BAGUS<\/strong><\/a><strong>\u201d<\/strong>. Maj zaczyna intensywnie: 5 maja w Poznaniu, 8 maja w Pile i 9 maja w \u0141odzi, a p\u00f3\u017aniej jeszcze jeden wyst\u0119p \u2013 31 maja w Poznaniu. Je\u015bli chcesz stand-upu \u201eo \u017cyciu\u201d, z mocnym dystansem do codziennych ci\u0119\u017car\u00f3w i bez udawania, \u017ce wszystko jest pod kontrol\u0105, sprawd\u017a <strong>Piotra Zol\u0119 Szulowskiego<\/strong> w programie <strong>\u201e<\/strong><a href=\"https:\/\/biletyna.pl\/stand-up\/Piotr-Zola-Szulowski\/Piotr-Zola-Szulowski-ATLAS\"><strong>ATLAS<\/strong><\/a><strong>\u201d<\/strong>. W maju Piotr zawita do Warszawy (21 maja) i P\u0142ocka (23 maja). Na koniec propozycja dla tych, kt\u00f3rzy lubi\u0105 duet, improwizacj\u0119 i energi\u0119 na \u017cywo: <a href=\"https:\/\/biletyna.pl\/stand-up\/Stand-up-Robert-Korolczyk-i-Lukasz-Kaczmarczyk\"><strong>stand-up Roberta Kor\u00f3lczyka i \u0141ukasza Kaczmarczyka<\/strong><\/a> w Warszawie 22 maja.<\/p>\n","protected":false},"excerpt":{"rendered":"<p>Maj to ten miesi\u0105c, w kt\u00f3rym kulturalny kalendarz wyra\u017anie przyspiesza. Z jednej strony wci\u0105\u017c rz\u0105dz\u0105 sprawdzone, \u201esalowe\u201d formaty \u2013 koncerty, spektakle, kabarety i stand-upy \u2013 a z drugiej zaczyna si\u0119 sezon wyjazd\u00f3w i plenerowych emocji. Po maj\u00f3wce \u0142atwiej znale\u017a\u0107 pretekst, \u017ceby wyj\u015b\u0107 z domu, a wieczory robi\u0105 si\u0119 na tyle d\u0142ugie, \u017ce nawet spontaniczny plan w \u015brodku tygodnia przestaje brzmie\u0107 jak logistyczne wyzwanie. Jakie koncerty wybra\u0107 w maju? W majowych koncertach wida\u0107 dwa nurty, kt\u00f3re \u015bwietnie si\u0119 uzupe\u0142niaj\u0105. Pierwszy to muzyka \u201edo prze\u017cycia\u201d \u2013 bardziej kameralna, z naciskiem na tekst, nastr\u00f3j i kontakt z publiczno\u015bci\u0105. Drugi to wydarzenia zbiorowe, czyli festiwalowa energia juwenali\u00f3w: du\u017co ludzi, kilka scenicznych emocji w pakiecie i wra\u017cenie, \u017ce miasto naprawd\u0119 \u017cyje. Je\u015bli bli\u017cej Ci do koncert\u00f3w, na kt\u00f3rych chcesz usi\u0105\u015b\u0107, ws\u0142ucha\u0107 si\u0119 i z\u0142apa\u0107 oddech, warto zacz\u0105\u0107 od Starego Dobrego Ma\u0142\u017ce\u0144stwa. W maju zesp\u00f3\u0142 gra w wielu miejscach, wi\u0119c \u0142atwo dopasowa\u0107 termin do w\u0142asnych plan\u00f3w \u2013 na przyk\u0142ad 4 maja w Warszawie, 21 maja w Gda\u0144sku czy 23 maja we Wroc\u0142awiu. To \u015bwietny wyb\u00f3r na wiecz\u00f3r, kt\u00f3ry ma bardziej \u201epiosenkowy\u201d ni\u017c imprezowy charakter. W podobnym klimacie, ale z inn\u0105 energi\u0105 i autorskim sznytem, jest wyst\u0119p Grzegorza Turnaua z programem \u201eSz\u00f3sta Godzina\u201d, kt\u00f3ry pojawi si\u0119 17 [&hellip;]<\/p>\n","protected":false},"author":22,"featured_media":3520,"comment_status":"closed","ping_status":"open","sticky":false,"template":"","format":"standard","meta":{"footnotes":""},"categories":[19,11,17,20],"tags":[47,40,48,49],"class_list":["post-3519","post","type-post","status-publish","format-standard","has-post-thumbnail","hentry","category-kabaret","category-koncerty","category-stand-up","category-teatr","tag-kabarety","tag-koncerty","tag-spektakle","tag-stand-up"],"yoast_head":"<!-- This site is optimized with the Yoast SEO plugin v26.3 - https:\/\/yoast.com\/wordpress\/plugins\/seo\/ -->\n<title>Gdzie wyj\u015b\u0107 w maju: koncert, juwenalia, teatr, kabaret? | Biletyna<\/title>\n<meta name=\"description\" content=\"Sprawd\u017a majowe koncerty, juwenalia, spektakle teatralne, kabarety i stand-upy w ca\u0142ej Polsce. Wybierz co\u015b dla siebie i kup bilet na biletyna.pl\" \/>\n<meta name=\"robots\" content=\"index, follow, max-snippet:-1, max-image-preview:large, max-video-preview:-1\" \/>\n<link rel=\"canonical\" href=\"https:\/\/biletyna.pl\/blog\/co-warto-robic-w-maj\/\" \/>\n<meta property=\"og:locale\" content=\"pl_PL\" \/>\n<meta property=\"og:type\" content=\"article\" \/>\n<meta property=\"og:title\" content=\"Gdzie wyj\u015b\u0107 w maju: koncert, juwenalia, teatr, kabaret? | Biletyna\" \/>\n<meta property=\"og:description\" content=\"Sprawd\u017a majowe koncerty, juwenalia, spektakle teatralne, kabarety i stand-upy w ca\u0142ej Polsce. Wybierz co\u015b dla siebie i kup bilet na biletyna.pl\" \/>\n<meta property=\"og:url\" content=\"https:\/\/biletyna.pl\/blog\/co-warto-robic-w-maj\/\" \/>\n<meta property=\"og:site_name\" content=\"Blog o wydarzeniach kulturalnych - biletyna.pl\" \/>\n<meta property=\"article:publisher\" content=\"https:\/\/www.facebook.com\/biletyna\/\" \/>\n<meta property=\"article:published_time\" content=\"2026-04-30T08:37:44+00:00\" \/>\n<meta property=\"og:image\" content=\"https:\/\/biletyna.pl\/blog\/wp-content\/uploads\/2026\/04\/Co-sie-dzieje-w-tym-miesiacu-Maj.png\" \/>\n\t<meta property=\"og:image:width\" content=\"2140\" \/>\n\t<meta property=\"og:image:height\" content=\"800\" \/>\n\t<meta property=\"og:image:type\" content=\"image\/png\" \/>\n<meta name=\"author\" content=\"Patryk Zalaszewski\" \/>\n<meta name=\"twitter:card\" content=\"summary_large_image\" \/>\n<meta name=\"twitter:label1\" content=\"Napisane przez\" \/>\n\t<meta name=\"twitter:data1\" content=\"Patryk Zalaszewski\" \/>\n\t<meta name=\"twitter:label2\" content=\"Szacowany czas czytania\" \/>\n\t<meta name=\"twitter:data2\" content=\"8 minut\" \/>\n<script type=\"application\/ld+json\" class=\"yoast-schema-graph\">{\"@context\":\"https:\/\/schema.org\",\"@graph\":[{\"@type\":\"Article\",\"@id\":\"https:\/\/biletyna.pl\/blog\/co-warto-robic-w-maj\/#article\",\"isPartOf\":{\"@id\":\"https:\/\/biletyna.pl\/blog\/co-warto-robic-w-maj\/\"},\"author\":{\"name\":\"Patryk Zalaszewski\",\"@id\":\"https:\/\/biletyna.pl\/blog\/#\/schema\/person\/2f8aae1a24c00c7aa105735708511e69\"},\"headline\":\"Na jakie wydarzenia warto wybra\u0107 si\u0119 w maju?\",\"datePublished\":\"2026-04-30T08:37:44+00:00\",\"mainEntityOfPage\":{\"@id\":\"https:\/\/biletyna.pl\/blog\/co-warto-robic-w-maj\/\"},\"wordCount\":1363,\"publisher\":{\"@id\":\"https:\/\/biletyna.pl\/blog\/#organization\"},\"image\":{\"@id\":\"https:\/\/biletyna.pl\/blog\/co-warto-robic-w-maj\/#primaryimage\"},\"thumbnailUrl\":\"https:\/\/biletyna.pl\/blog\/wp-content\/uploads\/2026\/04\/Co-sie-dzieje-w-tym-miesiacu-Maj.png\",\"keywords\":[\"kabarety\",\"koncerty\",\"spektakle\",\"stand-up\"],\"articleSection\":[\"kabaret\",\"koncerty\",\"stand-up\",\"teatr\"],\"inLanguage\":\"pl-PL\"},{\"@type\":\"WebPage\",\"@id\":\"https:\/\/biletyna.pl\/blog\/co-warto-robic-w-maj\/\",\"url\":\"https:\/\/biletyna.pl\/blog\/co-warto-robic-w-maj\/\",\"name\":\"Gdzie wyj\u015b\u0107 w maju: koncert, juwenalia, teatr, kabaret? | Biletyna\",\"isPartOf\":{\"@id\":\"https:\/\/biletyna.pl\/blog\/#website\"},\"primaryImageOfPage\":{\"@id\":\"https:\/\/biletyna.pl\/blog\/co-warto-robic-w-maj\/#primaryimage\"},\"image\":{\"@id\":\"https:\/\/biletyna.pl\/blog\/co-warto-robic-w-maj\/#primaryimage\"},\"thumbnailUrl\":\"https:\/\/biletyna.pl\/blog\/wp-content\/uploads\/2026\/04\/Co-sie-dzieje-w-tym-miesiacu-Maj.png\",\"datePublished\":\"2026-04-30T08:37:44+00:00\",\"description\":\"Sprawd\u017a majowe koncerty, juwenalia, spektakle teatralne, kabarety i stand-upy w ca\u0142ej Polsce. Wybierz co\u015b dla siebie i kup bilet na biletyna.pl\",\"breadcrumb\":{\"@id\":\"https:\/\/biletyna.pl\/blog\/co-warto-robic-w-maj\/#breadcrumb\"},\"inLanguage\":\"pl-PL\",\"potentialAction\":[{\"@type\":\"ReadAction\",\"target\":[\"https:\/\/biletyna.pl\/blog\/co-warto-robic-w-maj\/\"]}]},{\"@type\":\"ImageObject\",\"inLanguage\":\"pl-PL\",\"@id\":\"https:\/\/biletyna.pl\/blog\/co-warto-robic-w-maj\/#primaryimage\",\"url\":\"https:\/\/biletyna.pl\/blog\/wp-content\/uploads\/2026\/04\/Co-sie-dzieje-w-tym-miesiacu-Maj.png\",\"contentUrl\":\"https:\/\/biletyna.pl\/blog\/wp-content\/uploads\/2026\/04\/Co-sie-dzieje-w-tym-miesiacu-Maj.png\",\"width\":2140,\"height\":800,\"caption\":\"Co si\u0119 dzieje w tym miesi\u0105cu - Maj\"},{\"@type\":\"BreadcrumbList\",\"@id\":\"https:\/\/biletyna.pl\/blog\/co-warto-robic-w-maj\/#breadcrumb\",\"itemListElement\":[{\"@type\":\"ListItem\",\"position\":1,\"name\":\"blog\",\"item\":\"https:\/\/biletyna.pl\/blog\/\"},{\"@type\":\"ListItem\",\"position\":2,\"name\":\"koncerty\",\"item\":\"https:\/\/biletyna.pl\/blog\/category\/koncerty\/\"},{\"@type\":\"ListItem\",\"position\":3,\"name\":\"Na jakie wydarzenia warto wybra\u0107 si\u0119 w maju?\"}]},{\"@type\":\"WebSite\",\"@id\":\"https:\/\/biletyna.pl\/blog\/#website\",\"url\":\"https:\/\/biletyna.pl\/blog\/\",\"name\":\"biletyna.pl\",\"description\":\"\",\"publisher\":{\"@id\":\"https:\/\/biletyna.pl\/blog\/#organization\"},\"potentialAction\":[{\"@type\":\"SearchAction\",\"target\":{\"@type\":\"EntryPoint\",\"urlTemplate\":\"https:\/\/biletyna.pl\/blog\/?s={search_term_string}\"},\"query-input\":{\"@type\":\"PropertyValueSpecification\",\"valueRequired\":true,\"valueName\":\"search_term_string\"}}],\"inLanguage\":\"pl-PL\"},{\"@type\":\"Organization\",\"@id\":\"https:\/\/biletyna.pl\/blog\/#organization\",\"name\":\"biletyna.pl\",\"url\":\"https:\/\/biletyna.pl\/blog\/\",\"logo\":{\"@type\":\"ImageObject\",\"inLanguage\":\"pl-PL\",\"@id\":\"https:\/\/biletyna.pl\/blog\/#\/schema\/logo\/image\/\",\"url\":\"https:\/\/biletyna.pl\/blog\/wp-content\/uploads\/2019\/06\/TNA_XL_transp.png\",\"contentUrl\":\"https:\/\/biletyna.pl\/blog\/wp-content\/uploads\/2019\/06\/TNA_XL_transp.png\",\"width\":2500,\"height\":561,\"caption\":\"biletyna.pl\"},\"image\":{\"@id\":\"https:\/\/biletyna.pl\/blog\/#\/schema\/logo\/image\/\"},\"sameAs\":[\"https:\/\/www.facebook.com\/biletyna\/\"]},{\"@type\":\"Person\",\"@id\":\"https:\/\/biletyna.pl\/blog\/#\/schema\/person\/2f8aae1a24c00c7aa105735708511e69\",\"name\":\"Patryk Zalaszewski\",\"image\":{\"@type\":\"ImageObject\",\"inLanguage\":\"pl-PL\",\"@id\":\"https:\/\/biletyna.pl\/blog\/#\/schema\/person\/image\/\",\"url\":\"https:\/\/secure.gravatar.com\/avatar\/06d726582b1f401f6ac9d87427f3b364dc14c997f027680f48f7f1c68f89081c?s=96&d=wavatar&r=g\",\"contentUrl\":\"https:\/\/secure.gravatar.com\/avatar\/06d726582b1f401f6ac9d87427f3b364dc14c997f027680f48f7f1c68f89081c?s=96&d=wavatar&r=g\",\"caption\":\"Patryk Zalaszewski\"}}]}<\/script>\n<!-- \/ Yoast SEO plugin. -->","yoast_head_json":{"title":"Gdzie wyj\u015b\u0107 w maju: koncert, juwenalia, teatr, kabaret? | Biletyna","description":"Sprawd\u017a majowe koncerty, juwenalia, spektakle teatralne, kabarety i stand-upy w ca\u0142ej Polsce. Wybierz co\u015b dla siebie i kup bilet na biletyna.pl","robots":{"index":"index","follow":"follow","max-snippet":"max-snippet:-1","max-image-preview":"max-image-preview:large","max-video-preview":"max-video-preview:-1"},"canonical":"https:\/\/biletyna.pl\/blog\/co-warto-robic-w-maj\/","og_locale":"pl_PL","og_type":"article","og_title":"Gdzie wyj\u015b\u0107 w maju: koncert, juwenalia, teatr, kabaret? | Biletyna","og_description":"Sprawd\u017a majowe koncerty, juwenalia, spektakle teatralne, kabarety i stand-upy w ca\u0142ej Polsce. Wybierz co\u015b dla siebie i kup bilet na biletyna.pl","og_url":"https:\/\/biletyna.pl\/blog\/co-warto-robic-w-maj\/","og_site_name":"Blog o wydarzeniach kulturalnych - biletyna.pl","article_publisher":"https:\/\/www.facebook.com\/biletyna\/","article_published_time":"2026-04-30T08:37:44+00:00","og_image":[{"width":2140,"height":800,"url":"https:\/\/biletyna.pl\/blog\/wp-content\/uploads\/2026\/04\/Co-sie-dzieje-w-tym-miesiacu-Maj.png","type":"image\/png"}],"author":"Patryk Zalaszewski","twitter_card":"summary_large_image","twitter_misc":{"Napisane przez":"Patryk Zalaszewski","Szacowany czas czytania":"8 minut"},"schema":{"@context":"https:\/\/schema.org","@graph":[{"@type":"Article","@id":"https:\/\/biletyna.pl\/blog\/co-warto-robic-w-maj\/#article","isPartOf":{"@id":"https:\/\/biletyna.pl\/blog\/co-warto-robic-w-maj\/"},"author":{"name":"Patryk Zalaszewski","@id":"https:\/\/biletyna.pl\/blog\/#\/schema\/person\/2f8aae1a24c00c7aa105735708511e69"},"headline":"Na jakie wydarzenia warto wybra\u0107 si\u0119 w maju?","datePublished":"2026-04-30T08:37:44+00:00","mainEntityOfPage":{"@id":"https:\/\/biletyna.pl\/blog\/co-warto-robic-w-maj\/"},"wordCount":1363,"publisher":{"@id":"https:\/\/biletyna.pl\/blog\/#organization"},"image":{"@id":"https:\/\/biletyna.pl\/blog\/co-warto-robic-w-maj\/#primaryimage"},"thumbnailUrl":"https:\/\/biletyna.pl\/blog\/wp-content\/uploads\/2026\/04\/Co-sie-dzieje-w-tym-miesiacu-Maj.png","keywords":["kabarety","koncerty","spektakle","stand-up"],"articleSection":["kabaret","koncerty","stand-up","teatr"],"inLanguage":"pl-PL"},{"@type":"WebPage","@id":"https:\/\/biletyna.pl\/blog\/co-warto-robic-w-maj\/","url":"https:\/\/biletyna.pl\/blog\/co-warto-robic-w-maj\/","name":"Gdzie wyj\u015b\u0107 w maju: koncert, juwenalia, teatr, kabaret? | Biletyna","isPartOf":{"@id":"https:\/\/biletyna.pl\/blog\/#website"},"primaryImageOfPage":{"@id":"https:\/\/biletyna.pl\/blog\/co-warto-robic-w-maj\/#primaryimage"},"image":{"@id":"https:\/\/biletyna.pl\/blog\/co-warto-robic-w-maj\/#primaryimage"},"thumbnailUrl":"https:\/\/biletyna.pl\/blog\/wp-content\/uploads\/2026\/04\/Co-sie-dzieje-w-tym-miesiacu-Maj.png","datePublished":"2026-04-30T08:37:44+00:00","description":"Sprawd\u017a majowe koncerty, juwenalia, spektakle teatralne, kabarety i stand-upy w ca\u0142ej Polsce. Wybierz co\u015b dla siebie i kup bilet na biletyna.pl","breadcrumb":{"@id":"https:\/\/biletyna.pl\/blog\/co-warto-robic-w-maj\/#breadcrumb"},"inLanguage":"pl-PL","potentialAction":[{"@type":"ReadAction","target":["https:\/\/biletyna.pl\/blog\/co-warto-robic-w-maj\/"]}]},{"@type":"ImageObject","inLanguage":"pl-PL","@id":"https:\/\/biletyna.pl\/blog\/co-warto-robic-w-maj\/#primaryimage","url":"https:\/\/biletyna.pl\/blog\/wp-content\/uploads\/2026\/04\/Co-sie-dzieje-w-tym-miesiacu-Maj.png","contentUrl":"https:\/\/biletyna.pl\/blog\/wp-content\/uploads\/2026\/04\/Co-sie-dzieje-w-tym-miesiacu-Maj.png","width":2140,"height":800,"caption":"Co si\u0119 dzieje w tym miesi\u0105cu - Maj"},{"@type":"BreadcrumbList","@id":"https:\/\/biletyna.pl\/blog\/co-warto-robic-w-maj\/#breadcrumb","itemListElement":[{"@type":"ListItem","position":1,"name":"blog","item":"https:\/\/biletyna.pl\/blog\/"},{"@type":"ListItem","position":2,"name":"koncerty","item":"https:\/\/biletyna.pl\/blog\/category\/koncerty\/"},{"@type":"ListItem","position":3,"name":"Na jakie wydarzenia warto wybra\u0107 si\u0119 w maju?"}]},{"@type":"WebSite","@id":"https:\/\/biletyna.pl\/blog\/#website","url":"https:\/\/biletyna.pl\/blog\/","name":"biletyna.pl","description":"","publisher":{"@id":"https:\/\/biletyna.pl\/blog\/#organization"},"potentialAction":[{"@type":"SearchAction","target":{"@type":"EntryPoint","urlTemplate":"https:\/\/biletyna.pl\/blog\/?s={search_term_string}"},"query-input":{"@type":"PropertyValueSpecification","valueRequired":true,"valueName":"search_term_string"}}],"inLanguage":"pl-PL"},{"@type":"Organization","@id":"https:\/\/biletyna.pl\/blog\/#organization","name":"biletyna.pl","url":"https:\/\/biletyna.pl\/blog\/","logo":{"@type":"ImageObject","inLanguage":"pl-PL","@id":"https:\/\/biletyna.pl\/blog\/#\/schema\/logo\/image\/","url":"https:\/\/biletyna.pl\/blog\/wp-content\/uploads\/2019\/06\/TNA_XL_transp.png","contentUrl":"https:\/\/biletyna.pl\/blog\/wp-content\/uploads\/2019\/06\/TNA_XL_transp.png","width":2500,"height":561,"caption":"biletyna.pl"},"image":{"@id":"https:\/\/biletyna.pl\/blog\/#\/schema\/logo\/image\/"},"sameAs":["https:\/\/www.facebook.com\/biletyna\/"]},{"@type":"Person","@id":"https:\/\/biletyna.pl\/blog\/#\/schema\/person\/2f8aae1a24c00c7aa105735708511e69","name":"Patryk Zalaszewski","image":{"@type":"ImageObject","inLanguage":"pl-PL","@id":"https:\/\/biletyna.pl\/blog\/#\/schema\/person\/image\/","url":"https:\/\/secure.gravatar.com\/avatar\/06d726582b1f401f6ac9d87427f3b364dc14c997f027680f48f7f1c68f89081c?s=96&d=wavatar&r=g","contentUrl":"https:\/\/secure.gravatar.com\/avatar\/06d726582b1f401f6ac9d87427f3b364dc14c997f027680f48f7f1c68f89081c?s=96&d=wavatar&r=g","caption":"Patryk Zalaszewski"}}]}},"_links":{"self":[{"href":"https:\/\/biletyna.pl\/blog\/wp-json\/wp\/v2\/posts\/3519","targetHints":{"allow":["GET"]}}],"collection":[{"href":"https:\/\/biletyna.pl\/blog\/wp-json\/wp\/v2\/posts"}],"about":[{"href":"https:\/\/biletyna.pl\/blog\/wp-json\/wp\/v2\/types\/post"}],"author":[{"embeddable":true,"href":"https:\/\/biletyna.pl\/blog\/wp-json\/wp\/v2\/users\/22"}],"replies":[{"embeddable":true,"href":"https:\/\/biletyna.pl\/blog\/wp-json\/wp\/v2\/comments?post=3519"}],"version-history":[{"count":0,"href":"https:\/\/biletyna.pl\/blog\/wp-json\/wp\/v2\/posts\/3519\/revisions"}],"wp:featuredmedia":[{"embeddable":true,"href":"https:\/\/biletyna.pl\/blog\/wp-json\/wp\/v2\/media\/3520"}],"wp:attachment":[{"href":"https:\/\/biletyna.pl\/blog\/wp-json\/wp\/v2\/media?parent=3519"}],"wp:term":[{"taxonomy":"category","embeddable":true,"href":"https:\/\/biletyna.pl\/blog\/wp-json\/wp\/v2\/categories?post=3519"},{"taxonomy":"post_tag","embeddable":true,"href":"https:\/\/biletyna.pl\/blog\/wp-json\/wp\/v2\/tags?post=3519"}],"curies":[{"name":"wp","href":"https:\/\/api.w.org\/{rel}","templated":true}]}}