{"id":3555,"date":"2026-09-01T14:47:44","date_gmt":"2026-09-01T12:47:44","guid":{"rendered":"https:\/\/biletyna.pl\/blog\/?p=3555"},"modified":"2026-09-01T14:47:44","modified_gmt":"2026-09-01T12:47:44","slug":"co-warto-robic-we-wrzesniu","status":"publish","type":"post","link":"https:\/\/biletyna.pl\/blog\/co-warto-robic-we-wrzesniu\/","title":{"rendered":"Na jakie wydarzenia warto wybra\u0107 si\u0119 we wrze\u015bniu?"},"content":{"rendered":"\n<figure class=\"wp-block-image size-large\"><img loading=\"lazy\" decoding=\"async\" width=\"1024\" height=\"383\" src=\"https:\/\/biletyna.pl\/blog\/wp-content\/uploads\/2026\/09\/co-sie-dzieje-we-wrzesniu-1024x383.jpg\" alt=\"Na jakie wydarzenia warto wybra\u0107 si\u0119 w sierpniu?\" class=\"wp-image-3556\" srcset=\"https:\/\/biletyna.pl\/blog\/wp-content\/uploads\/2026\/09\/co-sie-dzieje-we-wrzesniu-1024x383.jpg 1024w, https:\/\/biletyna.pl\/blog\/wp-content\/uploads\/2026\/09\/co-sie-dzieje-we-wrzesniu-300x112.jpg 300w, https:\/\/biletyna.pl\/blog\/wp-content\/uploads\/2026\/09\/co-sie-dzieje-we-wrzesniu-768x287.jpg 768w, https:\/\/biletyna.pl\/blog\/wp-content\/uploads\/2026\/09\/co-sie-dzieje-we-wrzesniu-1536x574.jpg 1536w, https:\/\/biletyna.pl\/blog\/wp-content\/uploads\/2026\/09\/co-sie-dzieje-we-wrzesniu-2048x766.jpg 2048w, https:\/\/biletyna.pl\/blog\/wp-content\/uploads\/2026\/09\/co-sie-dzieje-we-wrzesniu-1070x400.jpg 1070w, https:\/\/biletyna.pl\/blog\/wp-content\/uploads\/2026\/09\/co-sie-dzieje-we-wrzesniu-455x170.jpg 455w, https:\/\/biletyna.pl\/blog\/wp-content\/uploads\/2026\/09\/co-sie-dzieje-we-wrzesniu-267x100.jpg 267w\" sizes=\"auto, (max-width: 1024px) 100vw, 1024px\" \/><\/figure>\n\n\n\n<p><strong>Wrzesie\u0144 nie oznacza ko\u0144ca sezonu na wyj\u015bcia. Festiwale przenosz\u0105 si\u0119 do sal koncertowych i charakterystycznych miejskich przestrzeni, ruszaj\u0105 jesienne trasy, a w repertuarach coraz wi\u0119cej miejsca zajmuj\u0105 spektakle, kabarety i stand-up. To dobry moment zar\u00f3wno na wi\u0119kszy muzyczny weekend, jak i spontaniczny wiecz\u00f3r ze scen\u0105 na pierwszym planie.<\/strong><\/p>\n\n\n\n<p><strong>W naszym kalendarium wydarze\u0144 na wrzesie\u0144 2026 znajdziesz propozycje z r\u00f3\u017cnych cz\u0119\u015bci Polski: od rocka i muzyki filmowej, przez koncerty jubileuszowe, po komedie teatralne i nowe programy stand-upowe. Sprawd\u017a, co najlepiej pasuje do Twojego planu na pocz\u0105tek jesieni.<\/strong><\/p>\n\n\n\n<h2 class=\"wp-block-heading\"><strong>Jakie festiwale odbywaj\u0105 si\u0119 we wrze\u015bniu?<\/strong><\/h2>\n\n\n\n<p>Pocz\u0105tek miesi\u0105ca mo\u017cna sp\u0119dzi\u0107 w Toruniu.<a href=\"https:\/\/biletyna.pl\/festiwal\/NADA\"> Festiwal NADA<\/a> odb\u0119dzie si\u0119 4\u20135 wrze\u015bnia w Centrum Targowym PARK. W programie znale\u017ali si\u0119 m.in. Myslovitz, Kacperczyk, COMA, Igo, Kasia Lins, Walu\u015bKraksaKryzys i Kerala Dust. Dwa dni i szeroki przekr\u00f3j wsp\u00f3\u0142czesnej muzyki sprawiaj\u0105, \u017ce to propozycja dla os\u00f3b, kt\u00f3re lubi\u0105 \u0142\u0105czy\u0107 alternatyw\u0119, rock i pop podczas jednego festiwalowego weekendu.<\/p>\n\n\n\n<p>Muzyka z kina, seriali i gier b\u0119dzie natomiast bohaterk\u0105<a href=\"https:\/\/biletyna.pl\/festiwal\/Brasswood\"> Brasswood Soundtracks<\/a>. Festiwal zaplanowano na 12\u201313 wrze\u015bnia w Sopocie i Gda\u0144sku. Program kieruje uwag\u0119 na muzyk\u0119 filmow\u0105 i soundtracki prezentowane w koncertowej formie \u2013 od projekt\u00f3w inspirowanych tw\u00f3rczo\u015bci\u0105 Davida Lyncha po wsp\u00f3\u0142czesne europejskie brzmienia. To ciekawy kierunek dla os\u00f3b, kt\u00f3re lubi\u0105 spotkania kina i muzyki na \u017cywo.<\/p>\n\n\n\n<p>Rockowe granie wr\u00f3ci r\u00f3wnie\u017c do jednej z najbardziej charakterystycznych przestrzeni koncertowych w Kielcach.<a href=\"https:\/\/biletyna.pl\/festiwal\/PGS-Rock-Festival\"> PGS Rock Festival IV Edycja<\/a> odb\u0119dzie si\u0119 26 wrze\u015bnia w Amfiteatrze Kadzielnia. Na scenie wyst\u0105pi\u0105 HLA 4Transplant, LemON oraz Ewa Farna. Po\u0142\u0105czenie plenerowego amfiteatru ulokowanego w dawnym kamienio\u0142omie z rockowo-popowym zestawem wykonawc\u00f3w mo\u017ce by\u0107 dobrym pomys\u0142em na muzyczne zako\u0144czenie wrze\u015bnia.<\/p>\n\n\n\n<p>Je\u015bli bli\u017cej Ci do przeboj\u00f3w, kt\u00f3re kr\u00f3lowa\u0142y na dyskotekach w latach 80. i 90., sprawd\u017a<a href=\"https:\/\/biletyna.pl\/festiwal\/The-Magic-of-Disco-Festiwal\"> The Magic of Disco Festiwal<\/a>. Wrze\u015bniowe edycje zaplanowano 25 wrze\u015bnia w Stegu Arenie w Opolu oraz 26 wrze\u015bnia w HSW Immobile \u0141uczniczka w Bydgoszczy. W line-upie s\u0105 Bad Boys Blue, No Mercy, Francesco Napoli i Joy \u2013 zestaw wyra\u017anie skierowany do fan\u00f3w tanecznej nostalgii.<\/p>\n\n\n\n<p>Muzyczn\u0105 podr\u00f3\u017c znacznie dalej ni\u017c do jednej epoki proponuje<a href=\"https:\/\/biletyna.pl\/festiwal\/Festiwal-Skrzyzowanie-Kultur\"> 22. Festiwal Skrzy\u017cowanie Kultur<\/a>. Od 11 do 13 wrze\u015bnia w Warszawie b\u0119dzie mo\u017cna us\u0142ysze\u0107 artyst\u00f3w reprezentuj\u0105cych r\u00f3\u017cne tradycje i muzyczne cz\u0119\u015bci \u015bwiata. W programie pojawiaj\u0105 si\u0119 m.in. Carminho, V\u00e4rttin\u00e4, Trio da Kali i Eliades Ochoa. To kierunek dla os\u00f3b ciekawych tradycyjnych brzmie\u0144 i ich wsp\u00f3\u0142czesnych interpretacji.<\/p>\n\n\n\n<h2 class=\"wp-block-heading\"><strong>Kt\u00f3re wrze\u015bniowe koncerty wpisa\u0107 do kalendarza?<\/strong><\/h2>\n\n\n\n<p>Jednym z najbardziej uroczystych wieczor\u00f3w miesi\u0105ca mo\u017ce by\u0107<a href=\"https:\/\/biletyna.pl\/koncert\/Irena-Santor\/Jubileusz-75-lecia-kariery-artystycznej\"> Irena Santor \u2013 Jubileusz 75-lecia pracy artystycznej<\/a>. Koncert odb\u0119dzie si\u0119 21 wrze\u015bnia w Teatrze Wielkim \u2013 Operze Narodowej w Warszawie. Jubileuszowy charakter wydarzenia i repertuar zwi\u0105zany z wieloletnim dorobkiem artystki to propozycja dla s\u0142uchaczy polskiej piosenki kilku pokole\u0144.<\/p>\n\n\n\n<p>Na zupe\u0142nie inny rodzaj muzycznego widowiska stawia<a href=\"https:\/\/biletyna.pl\/koncert\/LUC-Rebel-Babel-Film-Orchestra-OSTATNI-TANIEC-Trasa-finalowa-Muzyka-z-filmu-Chlopi\"> OSTATNI TANIEC \u2013 Trasa fina\u0142owa | Muzyka z filmu \u201eCh\u0142opi\u201d<\/a>. Projekt L.U.C. &amp; Rebel Babel Film Orchestra pojawi si\u0119 we wrze\u015bniu m.in. we Wroc\u0142awiu, Warszawie i Poznaniu. To okazja, by \u015bcie\u017ck\u0119 d\u017awi\u0119kow\u0105 znan\u0105 z filmu us\u0142ysze\u0107 w rozbudowanej koncertowej formie, wykorzystuj\u0105cej si\u0142\u0119 orkiestry i folkowego brzmienia.<\/p>\n\n\n\n<p><a href=\"https:\/\/biletyna.pl\/koncert\/MESKIE-BRZMIENIA\">M\u0118SKIE BRZMIENIA<\/a> we wrze\u015bniu odwiedz\u0105 kolejne polskie miasto \u2013 Wroc\u0142aw. Projekt opiera si\u0119 na wielog\u0142osowym m\u0119skim ch\u00f3rze i nowych aran\u017cacjach polskich oraz \u015bwiatowych przeboj\u00f3w, dlatego zamiast typowego koncertu jednego wykonawcy otrzymujemy widowisko skupione na sile wsp\u00f3lnego wokalu. Pe\u0142na karta wydarzenia pozwala por\u00f3wna\u0107 dost\u0119pne terminy i lokalizacje.<\/p>\n\n\n\n<p>Bardziej elegancki klimat proponuje<a href=\"https:\/\/biletyna.pl\/koncert\/TRE-VOCI-WHITE-NIGHTS\"> TRE VOCI \u2013 WHITE NIGHTS<\/a>. 22 wrze\u015bnia trio wyst\u0105pi dwukrotnie w Teatrze Wielkim w Poznaniu, dzie\u0144 p\u00f3\u017aniej dwukrotnie w warszawskim Teatrze ROMA, a 26 wrze\u015bnia, r\u00f3wnie\u017c dwukrotnie, w Suwalskim O\u015brodku Kultury. Voytek Soko Sokolnicki, Miko\u0142aj Adamczak i Mi\u0142osz Ga\u0142aj si\u0119gaj\u0105 po repertuar \u0142\u0105cz\u0105cy pop-oper\u0119, ballady i rozpoznawalne melodie. To propozycja dla os\u00f3b, kt\u00f3re ceni\u0105 mocne g\u0142osy i bardziej widowiskow\u0105 opraw\u0119 koncertow\u0105.<\/p>\n\n\n\n<p>Tw\u00f3rczo\u015b\u0107 Andrzeja Zauchy przypomni<a href=\"https:\/\/biletyna.pl\/koncert\/Wymyslilem-Ciebie-wieczor-z-muzyka-Andrzeja-Zauchy\"> \u201eWymy\u015bli\u0142em Ciebie\u201d \u2013 Koncert Pami\u0119ci Andrzeja Zauchy<\/a>. We wrze\u015bniu wydarzenie odb\u0119dzie si\u0119 12 wrze\u015bnia w Lublinie, 13 wrze\u015bnia w Gda\u0144sku, 21 wrze\u015bnia w Poznaniu i 26 wrze\u015bnia w \u0141odzi. Znane utwory zabrzmi\u0105 w nowych interpretacjach, tworz\u0105c wiecz\u00f3r skierowany zar\u00f3wno do wieloletnich s\u0142uchaczy Zauchy, jak i os\u00f3b dopiero poznaj\u0105cych jego repertuar.<\/p>\n\n\n\n<p>Rozmach i \u017cywio\u0142owe rytmy spotkaj\u0105 si\u0119 z kolei w projekcie<a href=\"https:\/\/biletyna.pl\/koncert\/Justyna-Steczkowska\/Roma-Symfonica\"> Justyna Steczkowska \u2013 Roma Symphonica<\/a>. Wrze\u015bniowe koncerty odb\u0119d\u0105 si\u0119 12 wrze\u015bnia w Operze i Filharmonii Podlaskiej w Bia\u0142ymstoku oraz 22 wrze\u015bnia w Narodowym Forum Muzyki we Wroc\u0142awiu. To widowisko czerpi\u0105ce z energetycznych, etnicznych brzmie\u0144 i rozbudowanej oprawy scenicznej.<\/p>\n\n\n\n<p>Mi\u0142o\u015bnicy piosenki literackiej mog\u0105 natomiast zwr\u00f3ci\u0107 uwag\u0119 na koncert<a href=\"https:\/\/biletyna.pl\/koncert\/Grzegorz-Turnau\/Szosta-Godzina\"> Grzegorz Turnau \u2013 Sz\u00f3sta Godzina<\/a>. We wrze\u015bniu artysta wyst\u0105pi m.in. 3 wrze\u015bnia w CKK Jordanki w Toruniu i 19 wrze\u015bnia w NOSPR w Katowicach. To propozycja dla os\u00f3b, kt\u00f3re w koncertowym kalendarzu szukaj\u0105 spotkania ze s\u0142owem, melodi\u0105 i charakterystycznym stylem krakowskiego artysty.<\/p>\n\n\n\n<h2 class=\"wp-block-heading\"><br><strong>Jakie spektakle teatralne zobaczy\u0107 we wrze\u015bniu?<\/strong><\/h2>\n\n\n\n<p>Fani fars i komplikuj\u0105cych si\u0119 z minuty na minut\u0119 intryg mog\u0105 zacz\u0105\u0107 od spektaklu<a href=\"https:\/\/biletyna.pl\/spektakl\/DING-DONG-czyli-KARMA-WRACA\"> \u201eDING DONG czyli KARMA WRACA\u201d<\/a>. We wrze\u015bniu przedstawienie pojawi si\u0119 w Szczecinie, Poznaniu, Gda\u0144sku, Rybniku, Kaliszu, Wroc\u0142awiu i \u0141odzi. Komedi\u0119 nap\u0119dzaj\u0105 ma\u0142\u017ce\u0144skie tajemnice, k\u0142amstwa i kolejne nieporozumienia, dlatego najlepiej odnajd\u0105 si\u0119 tutaj widzowie lubi\u0105cy szybkie tempo i klasyczn\u0105 farsow\u0105 konstrukcj\u0119.<\/p>\n\n\n\n<p>W Dzia\u0142dowie, Koszalinie, Stargardzie, Gorzowie Wielkopolskim, Rzeszowie i Zawierciu we wrze\u015bniu b\u0119dzie mo\u017cna zobaczy\u0107 spektakl<a href=\"https:\/\/biletyna.pl\/spektakl\/Krolowe-zycia\"> \u201eKr\u00f3lowe \u017cycia\u201d<\/a>. Komedia zaczyna si\u0119 od biznesowego planu dw\u00f3ch wsp\u00f3lnik\u00f3w zamierzaj\u0105cych sprzeda\u0107 firm\u0119 transportow\u0105 niemieckim kontrahentom. Pojawienie si\u0119 ich \u017con uruchamia jednak seri\u0119 nieporozumie\u0144. To wyb\u00f3r dla publiczno\u015bci, kt\u00f3ra lubi szybkie dialogi, pomy\u0142ki i sytuacje wymykaj\u0105ce si\u0119 bohaterom spod kontroli.<\/p>\n\n\n\n<p>Relacje damsko-m\u0119skie w zdecydowanie mniej konwencjonalnym wydaniu s\u0105 punktem wyj\u015bcia spektaklu<a href=\"https:\/\/biletyna.pl\/spektakl\/Pikantni\"> \u201ePikantni\u201d<\/a>. Na pocz\u0105tku wrze\u015bnia komedia pojawi si\u0119 m.in. w Toruniu, Wroc\u0142awiu, Bydgoszczy i Poznaniu. Dwa znudzone rutyn\u0105 ma\u0142\u017ce\u0144stwa umawiaj\u0105 si\u0119 za po\u015brednictwem portalu randkowego na spotkanie, kt\u00f3rego konsekwencje okazuj\u0105 si\u0119 znacznie bardziej skomplikowane, ni\u017c zak\u0142adali.<\/p>\n\n\n\n<p>W<a href=\"https:\/\/biletyna.pl\/spektakl\/Szalone-Nozyczki-czyli-kto-zabil\"> \u201eSzalonych No\u017cyczkach \u2013 czyli kto zabi\u0142\u201d<\/a> granica mi\u0119dzy scen\u0105 a widowni\u0105 staje si\u0119 znacznie mniej oczywista. Interaktywna komedia kryminalna rozgrywa si\u0119 w salonie fryzjerskim, a publiczno\u015b\u0107 pomaga rozwi\u0105za\u0107 zagadk\u0119 morderstwa. Wrze\u015bniowe terminy obejmuj\u0105 m.in. Gda\u0144sk, Ostr\u00f3w Wielkopolski, My\u015blenice i Lublin. Dobry wyb\u00f3r, je\u015bli lubisz teatr anga\u017cuj\u0105cy widz\u00f3w w przebieg wydarze\u0144.<\/p>\n\n\n\n<p>Ju\u017c od pocz\u0105tku miesi\u0105ca po Polsce podr\u00f3\u017cuj\u0105 r\u00f3wnie\u017c<a href=\"https:\/\/biletyna.pl\/spektakl\/Zakonnice-w-przebraniu\"> \u201eZakonnice w przebraniu\u201d<\/a>. We wrze\u015bniu spektakl mo\u017cna zobaczy\u0107 w Warszawie, E\u0142ku, \u0141odzi, Krakowie i Lublinie. Akcja rozgrywa si\u0119 w klasztorze, kt\u00f3rego mieszkanki pr\u00f3buj\u0105 ratowa\u0107 plac\u00f3wk\u0119 przed finansowymi problemami, prowadz\u0105c nietypowy interes. Pojawienie si\u0119 dziennikarzy rozpoczyna seri\u0119 pomy\u0142ek, sekret\u00f3w i przebieranek.<\/p>\n\n\n\n<p>Klasyk\u0105 farsowego repertuaru pozostaje<a href=\"https:\/\/biletyna.pl\/spektakl\/Boeing-Boeing-odlotowa-komedia-z-udzialem-gwiazd\"> \u201eBoeing Boeing \u2013 odlotowa komedia z udzia\u0142em gwiazd\u201d<\/a>. Wrze\u015bniowe przedstawienia zaplanowano w Rzeszowie, Lublinie i \u0141odzi. Bohater pr\u00f3buje pogodzi\u0107 zwi\u0105zki z trzema stewardesami, dop\u00f3ki zmiany w rozk\u0142adach lot\u00f3w nie burz\u0105 jego precyzyjnego planu. To komedia sytuacyjna oparta na narastaj\u0105cym chaosie i serii zbieg\u00f3w okoliczno\u015bci.<\/p>\n\n\n\n<h2 class=\"wp-block-heading\"><strong>Na jaki kabaret i\u015b\u0107 we wrze\u015bniu?<\/strong><\/h2>\n\n\n\n<p><a href=\"https:\/\/biletyna.pl\/kabaret\/Kabaret-Ani-Mru-Mru\/Mniej-wiecej\">Kabaret Ani Mru Mru \u2013 \u201eMniej wi\u0119cej\u201d<\/a> ma we wrze\u015bniu rozbudowan\u0105 tras\u0119 obejmuj\u0105c\u0105 Bydgoszcz, Wroc\u0142aw, \u015awidnic\u0119, K\u0142odzko, Kalisz, Zielon\u0105 G\u00f3r\u0119, \u015awidnik, \u015awi\u0119toch\u0142owice i Kielce. Najnowszy zestaw skeczy ponownie bierze na warsztat codzienno\u015b\u0107 i jej absurdy. Przy tak du\u017cej liczbie termin\u00f3w warto zajrze\u0107 do pe\u0142nej karty i wybra\u0107 wyst\u0119p najbli\u017cej swojego miasta.<\/p>\n\n\n\n<p>Sporo wrze\u015bniowych przystank\u00f3w ma r\u00f3wnie\u017c<a href=\"https:\/\/biletyna.pl\/kabaret\/Kabaret-Paranienormalni\/Ostre-Ciecie\"> Kabaret Paranienormalni \u2013 \u201eOstre Ci\u0119cie\u201d<\/a>. W programie powracaj\u0105 znane postacie, a obok przygotowanych skeczy pojawiaj\u0105 si\u0119 parodie i improwizowane fragmenty. To propozycja dla publiczno\u015bci, kt\u00f3ra lubi, gdy gotowy materia\u0142 pozostawia miejsce na spontaniczny kontakt wykonawc\u00f3w z widowni\u0105.<\/p>\n\n\n\n<p>O wsp\u00f3\u0142czesnej m\u0119sko\u015bci z kabaretowej perspektywy opowiadaj\u0105<a href=\"https:\/\/biletyna.pl\/kabaret\/Kabaret-hrAbi\/Wojtek-Kaminski-Byc-facetem\"> Kabaret hrAbi &amp; Wojtek Kami\u0144ski \u2013 \u201eBy\u0107 facetem\u201d<\/a>. We wrze\u015bniu program pojawi si\u0119 w Radomsku, Suchej Beskidzkiej, Krakowie, Wroc\u0142awiu, Warszawie, Poznaniu i Gda\u0144sku. Skecze, piosenki, improwizacje i interakcje z publiczno\u015bci\u0105 tworz\u0105 punkt wyj\u015bcia do przyjrzenia si\u0119 rolom, oczekiwaniom i stereotypom zwi\u0105zanym z m\u0119sko\u015bci\u0105.<\/p>\n\n\n\n<p>Do znanych bohater\u00f3w, ale w nowych ods\u0142onach, si\u0119ga<a href=\"https:\/\/biletyna.pl\/kabaret\/Kabaret-Skeczow-Meczacych\/Wielcy-wracaja\"> Kabaret Skecz\u00f3w M\u0119cz\u0105cych \u2013 \u201eWielcy wracaj\u0105\u201d<\/a>. Wrze\u015bniowa trasa prowadzi m.in. przez Racib\u00f3rz, Konin, Pniewy, Rokietnic\u0119, Ciechan\u00f3w, Ostr\u00f3w Mazowieck\u0105, Ostro\u0142\u0119k\u0119 i M\u0142aw\u0119. Program zestawia rozpoznawalne postacie KSM ze wsp\u00f3\u0142czesnymi tematami i premierowymi skeczami, \u0142\u0105cz\u0105c sentymentalne powroty z nowym materia\u0142em.<\/p>\n\n\n\n<p>Inny rytm ma z kolei<a href=\"https:\/\/biletyna.pl\/kabaret\/Andrzej-Poniedzielski\/Dobry-wieczor\"> Andrzej Poniedzielski \u2013 \u201eDobry wiecz\u00f3r&#8230;?\u201d<\/a>. Wrze\u015bniowe wyst\u0119py odb\u0119d\u0105 si\u0119 12 wrze\u015bnia w Bielsku-Bia\u0142ej, 13 wrze\u015bnia w Krakowie i 28 wrze\u015bnia w Poznaniu. Zamiast serii klasycznych skeczy pojawiaj\u0105 si\u0119 piosenki, poezja, satyra i komentarze do codzienno\u015bci podane w charakterystycznym stylu autora. To propozycja dla os\u00f3b, kt\u00f3re w humorze ceni\u0105 przede wszystkim gr\u0119 s\u0142owem.<\/p>\n\n\n\n<h2 class=\"wp-block-heading\"><strong>Stand-up we wrze\u015bniu \u2013 kogo zobaczy\u0107 na scenie?<\/strong><\/h2>\n\n\n\n<p>Maciej Stuhr przygl\u0105da si\u0119 w\u0142asnej metryce w programie<a href=\"https:\/\/biletyna.pl\/stand-up\/Mlody-Stuhr-u-bram-starosci\"> \u201eM\u0142ody Stuhr u bram staro\u015bci\u201d<\/a>. Wrze\u015bniowa trasa obejmuje Dobczyce, Krak\u00f3w, Pruszk\u00f3w, Kozienice i Marki. Tematami s\u0105: up\u0142yw czasu, dojrza\u0142o\u015b\u0107, zmiany i kolejne etapy \u017cycia \u2013 oczywi\u015bcie ogl\u0105dane z du\u017c\u0105 dawk\u0105 autoironii.<\/p>\n\n\n\n<p><a href=\"https:\/\/biletyna.pl\/kabaret\/Mariusz-Kalamaga\/Mamo-Papier-sie-konczy\">Mariusz Ka\u0142amaga \u2013 \u201eMamo! Papier si\u0119 ko\u0144czy!\u201d<\/a> rozpoczyna wrze\u015bniow\u0105 cz\u0119\u015b\u0107 trasy 11 wrze\u015bnia w Namys\u0142owie, a kolejne wyst\u0119py zaplanowano m.in. w \u017bychlinie, Rypinie, Rawie Mazowieckiej, Gr\u00f3jcu, Wo\u0142ominie, Nidzicy i Szczytnie. Komik bierze na warsztat zmieniaj\u0105c\u0105 si\u0119 rzeczywisto\u015b\u0107, nowe technologie i sztuczn\u0105 inteligencj\u0119, zestawiaj\u0105c je z codziennymi zachowaniami cz\u0142owieka.<\/p>\n\n\n\n<p>Je\u017celi zamiast jednego wyst\u0119pu wolisz zobaczy\u0107 wielu komik\u00f3w podczas jednego wieczoru, wrzesie\u0144 przynosi kilka ods\u0142on Stand-up Festival\u2122.<a href=\"https:\/\/biletyna.pl\/stand-up\/Stand-up-Festival\/Wroclaw\"> Wroc\u0142aw Stand-up Festival\u2122 2026<\/a> odb\u0119dzie si\u0119 4 wrze\u015bnia,<a href=\"https:\/\/biletyna.pl\/stand-up\/Stand-up-Festival\/Poznan\"> Pozna\u0144 Stand-up Festival\u2122 2026<\/a> \u2013 25 wrze\u015bnia, a<a href=\"https:\/\/biletyna.pl\/stand-up\/Stand-up-Festival\/Szczecin\"> Szczecin Stand-up Festival\u2122 2026<\/a> \u2013 26 wrze\u015bnia. To format dla os\u00f3b, kt\u00f3re podczas jednego wyj\u015bcia chc\u0105 por\u00f3wna\u0107 style kilku wykonawc\u00f3w polskiej sceny stand-upowej.<\/p>\n\n\n\n<p>Nowy materia\u0142 prezentuje r\u00f3wnie\u017c<a href=\"https:\/\/biletyna.pl\/stand-up\/Katarzyna-Piasecka\/BAGUS\"> Katarzyna Piasecka w programie \u201eBAGUS\u201d<\/a>. We wrze\u015bniu stand-uperka odwiedzi m.in. Rybnik, Wa\u0142brzych, Ole\u015bnic\u0119, Gr\u00f3jec, \u017bary, Wrze\u015bni\u0119, Warszaw\u0119, Malbork, R\u00f3\u017can, Sosnowiec, Gliwice i Legionowo. Punktem wyj\u015bcia dla programu s\u0105 \u017cyciowe zmiany i historie wynikaj\u0105ce z nowych sytuacji \u2013 tematy dobrze pasuj\u0105ce do obserwacyjnego stylu komiczki.<\/p>\n\n\n\n<p>Wrze\u015bniow\u0105 list\u0119 zamyka<a href=\"https:\/\/biletyna.pl\/stand-up\/Mieszko-Minkiewicz\/Wszystko-Dobrze\"> Mieszko Minkiewicz \u2013 \u201eWszystko Dobrze\u201d<\/a>. Program pojawi si\u0119 16 wrze\u015bnia w \u017bninie, 17 wrze\u015bnia w Inowroc\u0142awiu i 21 wrze\u015bnia w \u0141odzi. Minkiewicz si\u0119ga po tematy zwi\u0105zane z psychik\u0105, rodzinnymi schematami i emocjami, przepuszczaj\u0105c je przez stand-upow\u0105 perspektyw\u0119. To propozycja dla os\u00f3b lubi\u0105cych humor budowany wok\u00f3\u0142 temat\u00f3w, kt\u00f3re nie zawsze s\u0105 lekkie.<\/p>\n\n\n\n<p>Wrzesie\u0144 daje wi\u0119c wyb\u00f3r od du\u017cych festiwali i koncert\u00f3w po kameralne spektakle oraz wieczory z komedi\u0105. Sprawd\u017a pe\u0142ne terminy i lokalizacje na Biletyna.pl, wybierz wydarzenie dopasowane do swojego planu i przed wyj\u015bciem upewnij si\u0119, \u017ce godzina oraz miejsce pozostaj\u0105 aktualne.<\/p>\n\n\n\n<p><\/p>\n","protected":false},"excerpt":{"rendered":"<p>Wrzesie\u0144 nie oznacza ko\u0144ca sezonu na wyj\u015bcia. Festiwale przenosz\u0105 si\u0119 do sal koncertowych i charakterystycznych miejskich przestrzeni, ruszaj\u0105 jesienne trasy, a w repertuarach coraz wi\u0119cej miejsca zajmuj\u0105 spektakle, kabarety i stand-up. To dobry moment zar\u00f3wno na wi\u0119kszy muzyczny weekend, jak i spontaniczny wiecz\u00f3r ze scen\u0105 na pierwszym planie. W naszym kalendarium wydarze\u0144 na wrzesie\u0144 2026 znajdziesz propozycje z r\u00f3\u017cnych cz\u0119\u015bci Polski: od rocka i muzyki filmowej, przez koncerty jubileuszowe, po komedie teatralne i nowe programy stand-upowe. Sprawd\u017a, co najlepiej pasuje do Twojego planu na pocz\u0105tek jesieni. Jakie festiwale odbywaj\u0105 si\u0119 we wrze\u015bniu? Pocz\u0105tek miesi\u0105ca mo\u017cna sp\u0119dzi\u0107 w Toruniu. Festiwal NADA odb\u0119dzie si\u0119 4\u20135 wrze\u015bnia w Centrum Targowym PARK. W programie znale\u017ali si\u0119 m.in. Myslovitz, Kacperczyk, COMA, Igo, Kasia Lins, Walu\u015bKraksaKryzys i Kerala Dust. Dwa dni i szeroki przekr\u00f3j wsp\u00f3\u0142czesnej muzyki sprawiaj\u0105, \u017ce to propozycja dla os\u00f3b, kt\u00f3re lubi\u0105 \u0142\u0105czy\u0107 alternatyw\u0119, rock i pop podczas jednego festiwalowego weekendu. Muzyka z kina, seriali i gier b\u0119dzie natomiast bohaterk\u0105 Brasswood Soundtracks. Festiwal zaplanowano na 12\u201313 wrze\u015bnia w Sopocie i Gda\u0144sku. Program kieruje uwag\u0119 na muzyk\u0119 filmow\u0105 i soundtracki prezentowane w koncertowej formie \u2013 od projekt\u00f3w inspirowanych tw\u00f3rczo\u015bci\u0105 Davida Lyncha po wsp\u00f3\u0142czesne europejskie brzmienia. To ciekawy kierunek dla os\u00f3b, kt\u00f3re lubi\u0105 spotkania kina i [&hellip;]<\/p>\n","protected":false},"author":22,"featured_media":3556,"comment_status":"closed","ping_status":"open","sticky":false,"template":"","format":"standard","meta":{"footnotes":""},"categories":[22,19,11,17,20],"tags":[8,47,40,48,49],"class_list":["post-3555","post","type-post","status-publish","format-standard","has-post-thumbnail","hentry","category-festiwale","category-kabaret","category-koncerty","category-stand-up","category-teatr","tag-festiwal","tag-kabarety","tag-koncerty","tag-spektakle","tag-stand-up"],"yoast_head":"<!-- This site is optimized with the Yoast SEO plugin v26.3 - https:\/\/yoast.com\/wordpress\/plugins\/seo\/ -->\n<title>Wrzesie\u0144 2026: koncerty, festiwale, teatr i stand-up | Biletyna<\/title>\n<meta name=\"description\" content=\"Kalendarium wydarze\u0144 na wrzesie\u0144 2026: festiwale, koncerty, spektakle, kabarety i stand-up. Sprawd\u017a terminy, miasta i wybierz co\u015b dla siebie.\" \/>\n<meta name=\"robots\" content=\"index, follow, max-snippet:-1, max-image-preview:large, max-video-preview:-1\" \/>\n<link rel=\"canonical\" href=\"https:\/\/biletyna.pl\/blog\/co-warto-robic-we-wrzesniu\/\" \/>\n<meta property=\"og:locale\" content=\"pl_PL\" \/>\n<meta property=\"og:type\" content=\"article\" \/>\n<meta property=\"og:title\" content=\"Wrzesie\u0144 2026: koncerty, festiwale, teatr i stand-up | Biletyna\" \/>\n<meta property=\"og:description\" content=\"Kalendarium wydarze\u0144 na wrzesie\u0144 2026: festiwale, koncerty, spektakle, kabarety i stand-up. Sprawd\u017a terminy, miasta i wybierz co\u015b dla siebie.\" \/>\n<meta property=\"og:url\" content=\"https:\/\/biletyna.pl\/blog\/co-warto-robic-we-wrzesniu\/\" \/>\n<meta property=\"og:site_name\" content=\"Blog o wydarzeniach kulturalnych - biletyna.pl\" \/>\n<meta property=\"article:publisher\" content=\"https:\/\/www.facebook.com\/biletyna\/\" \/>\n<meta property=\"article:published_time\" content=\"2026-09-01T12:47:44+00:00\" \/>\n<meta property=\"og:image\" content=\"https:\/\/biletyna.pl\/blog\/wp-content\/uploads\/2026\/09\/co-sie-dzieje-we-wrzesniu.jpg\" \/>\n\t<meta property=\"og:image:width\" content=\"2140\" \/>\n\t<meta property=\"og:image:height\" content=\"800\" \/>\n\t<meta property=\"og:image:type\" content=\"image\/jpeg\" \/>\n<meta name=\"author\" content=\"Patryk Zalaszewski\" \/>\n<meta name=\"twitter:card\" content=\"summary_large_image\" \/>\n<meta name=\"twitter:label1\" content=\"Napisane przez\" \/>\n\t<meta name=\"twitter:data1\" content=\"Patryk Zalaszewski\" \/>\n\t<meta name=\"twitter:label2\" content=\"Szacowany czas czytania\" \/>\n\t<meta name=\"twitter:data2\" content=\"10 minut\" \/>\n<script type=\"application\/ld+json\" class=\"yoast-schema-graph\">{\"@context\":\"https:\/\/schema.org\",\"@graph\":[{\"@type\":\"Article\",\"@id\":\"https:\/\/biletyna.pl\/blog\/co-warto-robic-we-wrzesniu\/#article\",\"isPartOf\":{\"@id\":\"https:\/\/biletyna.pl\/blog\/co-warto-robic-we-wrzesniu\/\"},\"author\":{\"name\":\"Patryk Zalaszewski\",\"@id\":\"https:\/\/biletyna.pl\/blog\/#\/schema\/person\/2f8aae1a24c00c7aa105735708511e69\"},\"headline\":\"Na jakie wydarzenia warto wybra\u0107 si\u0119 we wrze\u015bniu?\",\"datePublished\":\"2026-09-01T12:47:44+00:00\",\"mainEntityOfPage\":{\"@id\":\"https:\/\/biletyna.pl\/blog\/co-warto-robic-we-wrzesniu\/\"},\"wordCount\":1894,\"publisher\":{\"@id\":\"https:\/\/biletyna.pl\/blog\/#organization\"},\"image\":{\"@id\":\"https:\/\/biletyna.pl\/blog\/co-warto-robic-we-wrzesniu\/#primaryimage\"},\"thumbnailUrl\":\"https:\/\/biletyna.pl\/blog\/wp-content\/uploads\/2026\/09\/co-sie-dzieje-we-wrzesniu.jpg\",\"keywords\":[\"festiwal\",\"kabarety\",\"koncerty\",\"spektakle\",\"stand-up\"],\"articleSection\":[\"festiwale\",\"kabaret\",\"koncerty\",\"stand-up\",\"teatr\"],\"inLanguage\":\"pl-PL\"},{\"@type\":\"WebPage\",\"@id\":\"https:\/\/biletyna.pl\/blog\/co-warto-robic-we-wrzesniu\/\",\"url\":\"https:\/\/biletyna.pl\/blog\/co-warto-robic-we-wrzesniu\/\",\"name\":\"Wrzesie\u0144 2026: koncerty, festiwale, teatr i stand-up | Biletyna\",\"isPartOf\":{\"@id\":\"https:\/\/biletyna.pl\/blog\/#website\"},\"primaryImageOfPage\":{\"@id\":\"https:\/\/biletyna.pl\/blog\/co-warto-robic-we-wrzesniu\/#primaryimage\"},\"image\":{\"@id\":\"https:\/\/biletyna.pl\/blog\/co-warto-robic-we-wrzesniu\/#primaryimage\"},\"thumbnailUrl\":\"https:\/\/biletyna.pl\/blog\/wp-content\/uploads\/2026\/09\/co-sie-dzieje-we-wrzesniu.jpg\",\"datePublished\":\"2026-09-01T12:47:44+00:00\",\"description\":\"Kalendarium wydarze\u0144 na wrzesie\u0144 2026: festiwale, koncerty, spektakle, kabarety i stand-up. Sprawd\u017a terminy, miasta i wybierz co\u015b dla siebie.\",\"breadcrumb\":{\"@id\":\"https:\/\/biletyna.pl\/blog\/co-warto-robic-we-wrzesniu\/#breadcrumb\"},\"inLanguage\":\"pl-PL\",\"potentialAction\":[{\"@type\":\"ReadAction\",\"target\":[\"https:\/\/biletyna.pl\/blog\/co-warto-robic-we-wrzesniu\/\"]}]},{\"@type\":\"ImageObject\",\"inLanguage\":\"pl-PL\",\"@id\":\"https:\/\/biletyna.pl\/blog\/co-warto-robic-we-wrzesniu\/#primaryimage\",\"url\":\"https:\/\/biletyna.pl\/blog\/wp-content\/uploads\/2026\/09\/co-sie-dzieje-we-wrzesniu.jpg\",\"contentUrl\":\"https:\/\/biletyna.pl\/blog\/wp-content\/uploads\/2026\/09\/co-sie-dzieje-we-wrzesniu.jpg\",\"width\":2140,\"height\":800,\"caption\":\"Na jakie wydarzenia warto wybra\u0107 si\u0119 w sierpniu?\"},{\"@type\":\"BreadcrumbList\",\"@id\":\"https:\/\/biletyna.pl\/blog\/co-warto-robic-we-wrzesniu\/#breadcrumb\",\"itemListElement\":[{\"@type\":\"ListItem\",\"position\":1,\"name\":\"blog\",\"item\":\"https:\/\/biletyna.pl\/blog\/\"},{\"@type\":\"ListItem\",\"position\":2,\"name\":\"koncerty\",\"item\":\"https:\/\/biletyna.pl\/blog\/category\/koncerty\/\"},{\"@type\":\"ListItem\",\"position\":3,\"name\":\"Na jakie wydarzenia warto wybra\u0107 si\u0119 we wrze\u015bniu?\"}]},{\"@type\":\"WebSite\",\"@id\":\"https:\/\/biletyna.pl\/blog\/#website\",\"url\":\"https:\/\/biletyna.pl\/blog\/\",\"name\":\"biletyna.pl\",\"description\":\"\",\"publisher\":{\"@id\":\"https:\/\/biletyna.pl\/blog\/#organization\"},\"potentialAction\":[{\"@type\":\"SearchAction\",\"target\":{\"@type\":\"EntryPoint\",\"urlTemplate\":\"https:\/\/biletyna.pl\/blog\/?s={search_term_string}\"},\"query-input\":{\"@type\":\"PropertyValueSpecification\",\"valueRequired\":true,\"valueName\":\"search_term_string\"}}],\"inLanguage\":\"pl-PL\"},{\"@type\":\"Organization\",\"@id\":\"https:\/\/biletyna.pl\/blog\/#organization\",\"name\":\"biletyna.pl\",\"url\":\"https:\/\/biletyna.pl\/blog\/\",\"logo\":{\"@type\":\"ImageObject\",\"inLanguage\":\"pl-PL\",\"@id\":\"https:\/\/biletyna.pl\/blog\/#\/schema\/logo\/image\/\",\"url\":\"https:\/\/biletyna.pl\/blog\/wp-content\/uploads\/2019\/06\/TNA_XL_transp.png\",\"contentUrl\":\"https:\/\/biletyna.pl\/blog\/wp-content\/uploads\/2019\/06\/TNA_XL_transp.png\",\"width\":2500,\"height\":561,\"caption\":\"biletyna.pl\"},\"image\":{\"@id\":\"https:\/\/biletyna.pl\/blog\/#\/schema\/logo\/image\/\"},\"sameAs\":[\"https:\/\/www.facebook.com\/biletyna\/\"]},{\"@type\":\"Person\",\"@id\":\"https:\/\/biletyna.pl\/blog\/#\/schema\/person\/2f8aae1a24c00c7aa105735708511e69\",\"name\":\"Patryk Zalaszewski\",\"image\":{\"@type\":\"ImageObject\",\"inLanguage\":\"pl-PL\",\"@id\":\"https:\/\/biletyna.pl\/blog\/#\/schema\/person\/image\/\",\"url\":\"https:\/\/secure.gravatar.com\/avatar\/06d726582b1f401f6ac9d87427f3b364dc14c997f027680f48f7f1c68f89081c?s=96&d=wavatar&r=g\",\"contentUrl\":\"https:\/\/secure.gravatar.com\/avatar\/06d726582b1f401f6ac9d87427f3b364dc14c997f027680f48f7f1c68f89081c?s=96&d=wavatar&r=g\",\"caption\":\"Patryk Zalaszewski\"}}]}<\/script>\n<!-- \/ Yoast SEO plugin. -->","yoast_head_json":{"title":"Wrzesie\u0144 2026: koncerty, festiwale, teatr i stand-up | Biletyna","description":"Kalendarium wydarze\u0144 na wrzesie\u0144 2026: festiwale, koncerty, spektakle, kabarety i stand-up. Sprawd\u017a terminy, miasta i wybierz co\u015b dla siebie.","robots":{"index":"index","follow":"follow","max-snippet":"max-snippet:-1","max-image-preview":"max-image-preview:large","max-video-preview":"max-video-preview:-1"},"canonical":"https:\/\/biletyna.pl\/blog\/co-warto-robic-we-wrzesniu\/","og_locale":"pl_PL","og_type":"article","og_title":"Wrzesie\u0144 2026: koncerty, festiwale, teatr i stand-up | Biletyna","og_description":"Kalendarium wydarze\u0144 na wrzesie\u0144 2026: festiwale, koncerty, spektakle, kabarety i stand-up. Sprawd\u017a terminy, miasta i wybierz co\u015b dla siebie.","og_url":"https:\/\/biletyna.pl\/blog\/co-warto-robic-we-wrzesniu\/","og_site_name":"Blog o wydarzeniach kulturalnych - biletyna.pl","article_publisher":"https:\/\/www.facebook.com\/biletyna\/","article_published_time":"2026-09-01T12:47:44+00:00","og_image":[{"width":2140,"height":800,"url":"https:\/\/biletyna.pl\/blog\/wp-content\/uploads\/2026\/09\/co-sie-dzieje-we-wrzesniu.jpg","type":"image\/jpeg"}],"author":"Patryk Zalaszewski","twitter_card":"summary_large_image","twitter_misc":{"Napisane przez":"Patryk Zalaszewski","Szacowany czas czytania":"10 minut"},"schema":{"@context":"https:\/\/schema.org","@graph":[{"@type":"Article","@id":"https:\/\/biletyna.pl\/blog\/co-warto-robic-we-wrzesniu\/#article","isPartOf":{"@id":"https:\/\/biletyna.pl\/blog\/co-warto-robic-we-wrzesniu\/"},"author":{"name":"Patryk Zalaszewski","@id":"https:\/\/biletyna.pl\/blog\/#\/schema\/person\/2f8aae1a24c00c7aa105735708511e69"},"headline":"Na jakie wydarzenia warto wybra\u0107 si\u0119 we wrze\u015bniu?","datePublished":"2026-09-01T12:47:44+00:00","mainEntityOfPage":{"@id":"https:\/\/biletyna.pl\/blog\/co-warto-robic-we-wrzesniu\/"},"wordCount":1894,"publisher":{"@id":"https:\/\/biletyna.pl\/blog\/#organization"},"image":{"@id":"https:\/\/biletyna.pl\/blog\/co-warto-robic-we-wrzesniu\/#primaryimage"},"thumbnailUrl":"https:\/\/biletyna.pl\/blog\/wp-content\/uploads\/2026\/09\/co-sie-dzieje-we-wrzesniu.jpg","keywords":["festiwal","kabarety","koncerty","spektakle","stand-up"],"articleSection":["festiwale","kabaret","koncerty","stand-up","teatr"],"inLanguage":"pl-PL"},{"@type":"WebPage","@id":"https:\/\/biletyna.pl\/blog\/co-warto-robic-we-wrzesniu\/","url":"https:\/\/biletyna.pl\/blog\/co-warto-robic-we-wrzesniu\/","name":"Wrzesie\u0144 2026: koncerty, festiwale, teatr i stand-up | Biletyna","isPartOf":{"@id":"https:\/\/biletyna.pl\/blog\/#website"},"primaryImageOfPage":{"@id":"https:\/\/biletyna.pl\/blog\/co-warto-robic-we-wrzesniu\/#primaryimage"},"image":{"@id":"https:\/\/biletyna.pl\/blog\/co-warto-robic-we-wrzesniu\/#primaryimage"},"thumbnailUrl":"https:\/\/biletyna.pl\/blog\/wp-content\/uploads\/2026\/09\/co-sie-dzieje-we-wrzesniu.jpg","datePublished":"2026-09-01T12:47:44+00:00","description":"Kalendarium wydarze\u0144 na wrzesie\u0144 2026: festiwale, koncerty, spektakle, kabarety i stand-up. Sprawd\u017a terminy, miasta i wybierz co\u015b dla siebie.","breadcrumb":{"@id":"https:\/\/biletyna.pl\/blog\/co-warto-robic-we-wrzesniu\/#breadcrumb"},"inLanguage":"pl-PL","potentialAction":[{"@type":"ReadAction","target":["https:\/\/biletyna.pl\/blog\/co-warto-robic-we-wrzesniu\/"]}]},{"@type":"ImageObject","inLanguage":"pl-PL","@id":"https:\/\/biletyna.pl\/blog\/co-warto-robic-we-wrzesniu\/#primaryimage","url":"https:\/\/biletyna.pl\/blog\/wp-content\/uploads\/2026\/09\/co-sie-dzieje-we-wrzesniu.jpg","contentUrl":"https:\/\/biletyna.pl\/blog\/wp-content\/uploads\/2026\/09\/co-sie-dzieje-we-wrzesniu.jpg","width":2140,"height":800,"caption":"Na jakie wydarzenia warto wybra\u0107 si\u0119 w sierpniu?"},{"@type":"BreadcrumbList","@id":"https:\/\/biletyna.pl\/blog\/co-warto-robic-we-wrzesniu\/#breadcrumb","itemListElement":[{"@type":"ListItem","position":1,"name":"blog","item":"https:\/\/biletyna.pl\/blog\/"},{"@type":"ListItem","position":2,"name":"koncerty","item":"https:\/\/biletyna.pl\/blog\/category\/koncerty\/"},{"@type":"ListItem","position":3,"name":"Na jakie wydarzenia warto wybra\u0107 si\u0119 we wrze\u015bniu?"}]},{"@type":"WebSite","@id":"https:\/\/biletyna.pl\/blog\/#website","url":"https:\/\/biletyna.pl\/blog\/","name":"biletyna.pl","description":"","publisher":{"@id":"https:\/\/biletyna.pl\/blog\/#organization"},"potentialAction":[{"@type":"SearchAction","target":{"@type":"EntryPoint","urlTemplate":"https:\/\/biletyna.pl\/blog\/?s={search_term_string}"},"query-input":{"@type":"PropertyValueSpecification","valueRequired":true,"valueName":"search_term_string"}}],"inLanguage":"pl-PL"},{"@type":"Organization","@id":"https:\/\/biletyna.pl\/blog\/#organization","name":"biletyna.pl","url":"https:\/\/biletyna.pl\/blog\/","logo":{"@type":"ImageObject","inLanguage":"pl-PL","@id":"https:\/\/biletyna.pl\/blog\/#\/schema\/logo\/image\/","url":"https:\/\/biletyna.pl\/blog\/wp-content\/uploads\/2019\/06\/TNA_XL_transp.png","contentUrl":"https:\/\/biletyna.pl\/blog\/wp-content\/uploads\/2019\/06\/TNA_XL_transp.png","width":2500,"height":561,"caption":"biletyna.pl"},"image":{"@id":"https:\/\/biletyna.pl\/blog\/#\/schema\/logo\/image\/"},"sameAs":["https:\/\/www.facebook.com\/biletyna\/"]},{"@type":"Person","@id":"https:\/\/biletyna.pl\/blog\/#\/schema\/person\/2f8aae1a24c00c7aa105735708511e69","name":"Patryk Zalaszewski","image":{"@type":"ImageObject","inLanguage":"pl-PL","@id":"https:\/\/biletyna.pl\/blog\/#\/schema\/person\/image\/","url":"https:\/\/secure.gravatar.com\/avatar\/06d726582b1f401f6ac9d87427f3b364dc14c997f027680f48f7f1c68f89081c?s=96&d=wavatar&r=g","contentUrl":"https:\/\/secure.gravatar.com\/avatar\/06d726582b1f401f6ac9d87427f3b364dc14c997f027680f48f7f1c68f89081c?s=96&d=wavatar&r=g","caption":"Patryk Zalaszewski"}}]}},"_links":{"self":[{"href":"https:\/\/biletyna.pl\/blog\/wp-json\/wp\/v2\/posts\/3555","targetHints":{"allow":["GET"]}}],"collection":[{"href":"https:\/\/biletyna.pl\/blog\/wp-json\/wp\/v2\/posts"}],"about":[{"href":"https:\/\/biletyna.pl\/blog\/wp-json\/wp\/v2\/types\/post"}],"author":[{"embeddable":true,"href":"https:\/\/biletyna.pl\/blog\/wp-json\/wp\/v2\/users\/22"}],"replies":[{"embeddable":true,"href":"https:\/\/biletyna.pl\/blog\/wp-json\/wp\/v2\/comments?post=3555"}],"version-history":[{"count":0,"href":"https:\/\/biletyna.pl\/blog\/wp-json\/wp\/v2\/posts\/3555\/revisions"}],"wp:featuredmedia":[{"embeddable":true,"href":"https:\/\/biletyna.pl\/blog\/wp-json\/wp\/v2\/media\/3556"}],"wp:attachment":[{"href":"https:\/\/biletyna.pl\/blog\/wp-json\/wp\/v2\/media?parent=3555"}],"wp:term":[{"taxonomy":"category","embeddable":true,"href":"https:\/\/biletyna.pl\/blog\/wp-json\/wp\/v2\/categories?post=3555"},{"taxonomy":"post_tag","embeddable":true,"href":"https:\/\/biletyna.pl\/blog\/wp-json\/wp\/v2\/tags?post=3555"}],"curies":[{"name":"wp","href":"https:\/\/api.w.org\/{rel}","templated":true}]}}