{"id":3558,"date":"2026-09-03T14:12:34","date_gmt":"2026-09-03T12:12:34","guid":{"rendered":"https:\/\/biletyna.pl\/blog\/?p=3558"},"modified":"2026-09-03T14:12:34","modified_gmt":"2026-09-03T12:12:34","slug":"festiwale-we-wrzesniu-2026","status":"publish","type":"post","link":"https:\/\/biletyna.pl\/blog\/festiwale-we-wrzesniu-2026\/","title":{"rendered":"Festiwale we wrze\u015bniu 2026 \u2013 co nas czeka w ko\u0144c\u00f3wce lata?"},"content":{"rendered":"\n<figure class=\"wp-block-image size-large\"><img loading=\"lazy\" decoding=\"async\" width=\"1024\" height=\"383\" src=\"https:\/\/biletyna.pl\/blog\/wp-content\/uploads\/2026\/09\/Festiwale-we-wrzesniu-2026-1024x383.jpg\" alt=\"Festiwale we wrze\u015bniu 2026\" class=\"wp-image-3559\" srcset=\"https:\/\/biletyna.pl\/blog\/wp-content\/uploads\/2026\/09\/Festiwale-we-wrzesniu-2026-1024x383.jpg 1024w, https:\/\/biletyna.pl\/blog\/wp-content\/uploads\/2026\/09\/Festiwale-we-wrzesniu-2026-300x112.jpg 300w, https:\/\/biletyna.pl\/blog\/wp-content\/uploads\/2026\/09\/Festiwale-we-wrzesniu-2026-768x287.jpg 768w, https:\/\/biletyna.pl\/blog\/wp-content\/uploads\/2026\/09\/Festiwale-we-wrzesniu-2026-1536x574.jpg 1536w, https:\/\/biletyna.pl\/blog\/wp-content\/uploads\/2026\/09\/Festiwale-we-wrzesniu-2026-2048x766.jpg 2048w, https:\/\/biletyna.pl\/blog\/wp-content\/uploads\/2026\/09\/Festiwale-we-wrzesniu-2026-1070x400.jpg 1070w, https:\/\/biletyna.pl\/blog\/wp-content\/uploads\/2026\/09\/Festiwale-we-wrzesniu-2026-455x170.jpg 455w, https:\/\/biletyna.pl\/blog\/wp-content\/uploads\/2026\/09\/Festiwale-we-wrzesniu-2026-267x100.jpg 267w\" sizes=\"auto, (max-width: 1024px) 100vw, 1024px\" \/><\/figure>\n\n\n\n<p>Wakacje dobiegaj\u0105 ko\u0144ca, ale kalendarz festiwalowy zdecydowanie nie zwalnia. Wrzesie\u0144 2026 przynosi koncerty i wydarzenia w bardzo r\u00f3\u017cnych klimatach \u2013 od alternatywy i rocka progresywnego przez jazz, blues i muzyk\u0119 \u015bwiata a\u017c po elektronik\u0119, soundtracki oraz taneczne przeboje sprzed lat.<\/p>\n\n\n\n<p>To tak\u017ce miesi\u0105c, w kt\u00f3rym festiwale stopniowo przenosz\u0105 si\u0119 z typowo wakacyjnych plener\u00f3w do teatr\u00f3w, hal, klub\u00f3w i innych nietypowych przestrzeni. Sprawdzamy, na jakie wrze\u015bniowe festiwale warto zwr\u00f3ci\u0107 uwag\u0119 i gdzie znale\u017a\u0107 bilety.<\/p>\n\n\n\n<p><strong>Spis tre\u015bci<\/strong><\/p>\n\n\n\n<ol class=\"wp-block-list\">\n<li>Pocz\u0105tek wrze\u015bnia: alternatywa, prog rock i Andrzej Zaucha<\/li>\n\n\n\n<li>Drugi weekend: muzyka \u015bwiata, elektronika i soundtracki<\/li>\n\n\n\n<li>18\u201320 wrze\u015bnia: jazz, blues i podr\u00f3\u017ce<\/li>\n\n\n\n<li>Fina\u0142 miesi\u0105ca: disco, rock i niezale\u017cna scena<\/li>\n\n\n\n<li>Jaki festiwal we wrze\u015bniu wybra\u0107?<\/li>\n\n\n\n<li>FAQ \u2013 najcz\u0119\u015bciej zadawane pytania<\/li>\n<\/ol>\n\n\n\n<h2 class=\"wp-block-heading\"><strong>Pocz\u0105tek wrze\u015bnia: alternatywa, prog rock i Andrzej Zaucha<\/strong><\/h2>\n\n\n\n<p><strong>Festiwal NADA \u2013 4\u20135 wrze\u015bnia<\/strong><\/p>\n\n\n\n<p>Pierwszy weekend wrze\u015bnia mo\u017cna rozpocz\u0105\u0107 w Toruniu.<a href=\"https:\/\/biletyna.pl\/festiwal\/NADA\"> <strong>Festiwal NADA<\/strong><\/a> odb\u0119dzie si\u0119 4 i 5 wrze\u015bnia w Centrum Targowym Park, a jego program \u0142\u0105czy du\u017ce nazwiska polskiej sceny z alternatyw\u0105 i m\u0142odszymi projektami.<\/p>\n\n\n\n<p>W pi\u0105tek wyst\u0105pi\u0105 Kacperczyk, Myslovitz, Kasia Lins, Mild Orange, Walu\u015b Kraksa Kryzys, Daniel Godson, Nene Heroine i Jakub Jan Bryndal. W sobot\u0119 na scenach pojawi\u0105 si\u0119 COMA, IGO, Kerala Dust, Kasia Sienkiewicz, BSK, Livka, OMASTA i \u0141ajka. Dost\u0119pne s\u0105 bilety jednodniowe oraz karnety na ca\u0142y festiwal.<\/p>\n\n\n\n<p>To dobra propozycja dla tych, kt\u00f3rzy chc\u0105 symbolicznie przed\u0142u\u017cy\u0107 wakacje i podczas jednego weekendu us\u0142ysze\u0107 zar\u00f3wno rozpoznawalne zespo\u0142y, jak i wykonawc\u00f3w z bardziej alternatywnej cz\u0119\u015bci sceny.<\/p>\n\n\n\n<p><strong>Prog Rock Fest 2026 \u2013 5 wrze\u015bnia<\/strong><\/p>\n\n\n\n<p>W ten sam weekend Legionowo b\u0119dzie \u015bwi\u0119towa\u0107 jubileuszow\u0105, dziesi\u0105t\u0105 edycj\u0119<a href=\"https:\/\/biletyna.pl\/festiwal\/Prog-Rock-Fest-2026\"> <strong>Prog Rock Fest 2026<\/strong><\/a>. 5 wrze\u015bnia w Sali Widowiskowej w Legionowskim Ratuszu wyst\u0105pi\u0105 Amarok, w\u0142oska Alc\u00e0ntara, Lepiarczyk &amp; Smelkowski oraz Less is Lessis.<\/p>\n\n\n\n<p>To znacznie bardziej kameralna propozycja ni\u017c du\u017ce wydarzenia plenerowe. Festiwal od pocz\u0105tku koncentruje si\u0119 na rocku progresywnym i bliskim kontakcie publiczno\u015bci z wykonawcami, dlatego powinien zainteresowa\u0107 osoby, kt\u00f3re ponad rozbudowan\u0105 otoczk\u0119 stawiaj\u0105 przede wszystkim muzyk\u0119.<\/p>\n\n\n\n<p><strong>Festiwal Pami\u0119ci Andrzeja Zauchy \u2013 5 wrze\u015bnia<\/strong><\/p>\n\n\n\n<p>5 wrze\u015bnia warto r\u00f3wnie\u017c spojrze\u0107 w stron\u0119 Bydgoszczy. W Operze Nova odb\u0119dzie si\u0119 koncert galowy<a href=\"https:\/\/biletyna.pl\/festiwal\/Festiwal-Pamieci-Andrzeja-Zauchy\"> <strong>Festiwalu Pami\u0119ci Andrzeja Zauchy \u201eSerca bicie\u201d<\/strong><\/a>. Na scenie wyst\u0105pi\u0105 m.in. Kasia Mo\u015b, S\u0142awek Uniatowski, Marek Piekarczyk, Kasia Dere\u0144, Nick Sinckler, Dodo Jaszczy\u0144ska i Gosia Janek.<\/p>\n\n\n\n<p>Znane kompozycje Andrzeja Zauchy zabrzmi\u0105 w nowych wykonaniach, dlatego b\u0119dzie to propozycja dla os\u00f3b, kt\u00f3re lubi\u0105 koncerty z wyra\u017anym tematem przewodnim i muzyczne spotkania z repertuarem wa\u017cnych postaci polskiej sceny.<\/p>\n\n\n\n<h2 class=\"wp-block-heading\"><strong>Drugi weekend: muzyka \u015bwiata, elektronika i soundtracki<\/strong><\/h2>\n\n\n\n<p><strong>Fortepiano Atelier \u2013 11\u201313 wrze\u015bnia<\/strong><\/p>\n\n\n\n<p>Festiwal nie zawsze musi oznacza\u0107 wielk\u0105 plenerow\u0105 scen\u0119. Od 11 do 13 wrze\u015bnia Zamek w Wi\u015bniczu b\u0119dzie miejscem festiwalu pianistycznego<a href=\"https:\/\/biletyna.pl\/festiwal\/Festiwal-Fortepiano-Atelier\"> <strong>Fortepiano Atelier<\/strong><\/a>, kt\u00f3rego program opiera si\u0119 na wykonaniach na instrumentach historycznych.<\/p>\n\n\n\n<p>W ci\u0105gu trzech dni zaplanowano koncerty z muzyk\u0105 m.in. Schuberta, Chopina, Schumanna, Mendelssohna i Hummla. Historyczne wn\u0119trza zamku tworz\u0105 tu naturalne dope\u0142nienie repertuaru.<\/p>\n\n\n\n<p><strong>22. Festiwal Skrzy\u017cowanie Kultur \u2013 11\u201313 wrze\u015bnia<\/strong><\/p>\n\n\n\n<p>Warszawskie<a href=\"https:\/\/biletyna.pl\/festiwal\/Festiwal-Skrzyzowanie-Kultur\"> <strong>Skrzy\u017cowanie Kultur<\/strong><\/a> od lat pozwala podczas jednego wydarzenia spotka\u0107 si\u0119 z tradycjami muzycznymi z r\u00f3\u017cnych cz\u0119\u015bci \u015bwiata. 22. edycja festiwalu odb\u0119dzie si\u0119 11\u201313 wrze\u015bnia w Teatrze Dramatycznym.<\/p>\n\n\n\n<p>W programie znale\u017ali si\u0119: Antti Paalanen, Carminho, Dasom Baek, Turan, V\u00e4rttin\u00e4, Shauit, Trio da Kali oraz Eliades Ochoa. Poza du\u017cymi koncertami zaplanowano r\u00f3wnie\u017c mniejsze wydarzenia towarzysz\u0105ce.<\/p>\n\n\n\n<p>To jeden z najlepszych wrze\u015bniowych wybor\u00f3w dla os\u00f3b, kt\u00f3re nie chc\u0105 ogranicza\u0107 si\u0119 do konkretnego gatunku i traktuj\u0105 festiwal jako okazj\u0119 do odkrywania nowych brzmie\u0144.<\/p>\n\n\n\n<p><strong>Uniland Festival \u2013 11\u201312 wrze\u015bnia<\/strong><\/p>\n\n\n\n<p>Pierwsza edycja<a href=\"https:\/\/biletyna.pl\/festiwal\/Uniland-Festival\"> <strong>Uniland Festival<\/strong><\/a> odb\u0119dzie si\u0119 w wyj\u0105tkowej lokalizacji \u2013 przy przej\u015bciu granicznym Korbiel\u00f3w\u2013Oravsk\u00e1 Polhora, po polskiej stronie granicy.<\/p>\n\n\n\n<p>11 i 12 wrze\u015bnia wyst\u0105pi \u0142\u0105cznie o\u015bmiu DJ-\u00f3w reprezentuj\u0105cych Polsk\u0119 i S\u0142owacj\u0119. Muzyka elektroniczna, \u015bwiat\u0142a i sama lokalizacja maj\u0105 podkre\u015bla\u0107 polsko-s\u0142owacki charakter wydarzenia.<\/p>\n\n\n\n<p><strong>Brasswood Soundtracks \u2013 12\u201313 wrze\u015bnia<\/strong><\/p>\n\n\n\n<p>Mi\u0142o\u015bnicy kina, seriali i gier mog\u0105 z kolei wybra\u0107<a href=\"https:\/\/biletyna.pl\/festiwal\/Brasswood\"> <strong>Brasswood Soundtracks<\/strong><\/a>. 12 wrze\u015bnia festiwal pojawi si\u0119 w Operze Le\u015bnej w Sopocie, a dzie\u0144 p\u00f3\u017aniej przeniesie si\u0119 do Olivia Star w Gda\u0144sku.<\/p>\n\n\n\n<p>Program zosta\u0142 zbudowany wok\u00f3\u0142 muzyki ekranowej. Pojawiaj\u0105 si\u0119 w nim m.in. projekty zwi\u0105zane z tw\u00f3rczo\u015bci\u0105 Davida Lyncha, \u201eStranger Things\u201d, \u201e1670\u201d, \u201eCh\u0142opami\u201d i \u201eJanosikiem\u201d. To jedna z najbardziej charakterystycznych propozycji wrze\u015bnia \u2013 szczeg\u00f3lnie dla os\u00f3b, dla kt\u00f3rych soundtrack jest r\u00f3wnie wa\u017cny jak sam film lub serial.<\/p>\n\n\n\n<h2 class=\"wp-block-heading\"><strong>18\u201320 wrze\u015bnia: jazz, blues i podr\u00f3\u017ce<\/strong><\/h2>\n\n\n\n<p><strong>10. Love Polish Jazz Festival \u2013 18\u201320 wrze\u015bnia<\/strong><\/p>\n\n\n\n<p>Tomasz\u00f3w Mazowiecki przez trzy dni b\u0119dzie jednym z najwa\u017cniejszych jazzowych adres\u00f3w wrze\u015bnia. Jubileuszowa, dziesi\u0105ta edycja<a href=\"https:\/\/biletyna.pl\/festiwal\/Love-Polish-Jazz-Festival\/karnet\"> <strong>Love Polish Jazz Festival<\/strong><\/a> odb\u0119dzie si\u0119 w Arenie Lodowej.<\/p>\n\n\n\n<p>W programie znalaz\u0142y si\u0119 m.in. projekty Krzysztofa Herdzina, Ulf Johansson Werre Trio, Kayah, Rebirth feat. Maciej K\u0105dziela, Gary Guthman &amp; Mateusz Kaszuba Trio, Karen Edwards &amp; Adam Czerwi\u0144ski Trio, Adam Makowicz, Wojciech Myrczek Sextet i Krystyna Pro\u0144ko. Cz\u0119\u015b\u0107 koncert\u00f3w ma charakter premierowy lub prapremierowy.<\/p>\n\n\n\n<p><strong>XVII International Ochota Blues Festival \u2013 18\u201320 wrze\u015bnia<\/strong><\/p>\n\n\n\n<p>W tym samym terminie Warszawa zabrzmi bluesem.<a href=\"https:\/\/biletyna.pl\/festiwal\/XVII-International-Ochota-Blues-Festival\"> <strong>XVII International Ochota Blues Festival<\/strong><\/a> rozpocznie si\u0119 koncertami w O\u015brodku Kultury Ochoty, a fina\u0142 odb\u0119dzie si\u0119 20 wrze\u015bnia w Parku Szcz\u0119\u015bliwickim.<\/p>\n\n\n\n<p>W\u015br\u00f3d zapowiedzianych wykonawc\u00f3w s\u0105 m.in. Onus Blues, Mizia &amp; Mizia Blues Band, \u015al\u0105ska Grupa Bluesowa, Marco Bartoccioni Band, Chris Woyslav i Shaggy Dogs.<\/p>\n\n\n\n<p>To propozycja, kt\u00f3ra \u0142\u0105czy kameralne koncerty z plenerowym zako\u0144czeniem i pokazuje r\u00f3\u017cne odcienie wsp\u00f3\u0142czesnego bluesa.<\/p>\n\n\n\n<p><strong>IX Festiwal Podr\u00f3\u017cniczy Wataha \u2013 18\u201319 wrze\u015bnia<\/strong><\/p>\n\n\n\n<p>Nieco inn\u0105 formu\u0142\u0119 proponuje<a href=\"https:\/\/biletyna.pl\/festiwal\/Festiwal-Podrozniczy-Wataha\"> <strong>Festiwal Podr\u00f3\u017cniczy Wataha<\/strong><\/a> w Gomunicach. W centrum programu znajduj\u0105 si\u0119 prelekcje i spotkania zwi\u0105zane z podr\u00f3\u017cami oraz g\u00f3rami, ale wydarzenie uzupe\u0142niaj\u0105 warsztaty i koncerty.<\/p>\n\n\n\n<p>W tegorocznym programie pojawiaj\u0105 si\u0119 m.in. opowie\u015bci o wyprawach motocyklowych i wysokog\u00f3rskich, a wieczorn\u0105 cz\u0119\u015b\u0107 tworz\u0105 tak\u017ce wyst\u0119py muzyczne.<\/p>\n\n\n\n<p>Wataha sprawdzi si\u0119 wi\u0119c wtedy, gdy podczas jednego weekendu chcesz po\u0142\u0105czy\u0107 koncert z inspiracj\u0105 do kolejnej podr\u00f3\u017cy.<\/p>\n\n\n\n<h2 class=\"wp-block-heading\"><strong>Fina\u0142 miesi\u0105ca: disco, rock i niezale\u017cna scena<\/strong><\/h2>\n\n\n\n<p><strong>The Magic of Disco Festiwal \u2013 od 25 wrze\u015bnia<\/strong><\/p>\n\n\n\n<p>Ko\u0144c\u00f3wka wrze\u015bnia b\u0119dzie znacznie bardziej taneczna. 25 wrze\u015bnia ruszy jesienna cz\u0119\u015b\u0107<a href=\"https:\/\/biletyna.pl\/festiwal\/The-Magic-of-Disco-Festiwal\"> <strong>The Magic of Disco Festiwal<\/strong><\/a>. Pierwsze przystanki to Opole i Bydgoszcz, a p\u00f3\u017aniej cykl odwiedzi kolejne polskie miasta.<\/p>\n\n\n\n<p>We wrze\u015bniowych ods\u0142onach pojawi\u0105 si\u0119: Bad Boys Blue, No Mercy, Francesco Napoli i Joy. Kolejne koncerty maj\u0105 nieco inne zestawienia wykonawc\u00f3w, dlatego przed zakupem biletu warto sprawdzi\u0107 program konkretnego miasta.<\/p>\n\n\n\n<p><strong>PGS Rock Festival IV Edycja \u2013 26 wrze\u015bnia<\/strong><\/p>\n\n\n\n<p>26 wrze\u015bnia Amfiteatr Kadzielnia w Kielcach ponownie stanie si\u0119 miejscem<a href=\"https:\/\/biletyna.pl\/festiwal\/PGS-Rock-Festival\"> <strong>PGS Rock Festival<\/strong><\/a>. W tegorocznym programie wyst\u0105pi\u0105: HLA 4Transplant, LemON i Ewa Farna.<\/p>\n\n\n\n<p>Festiwal \u0142\u0105czy muzyk\u0119 z dzia\u0142alno\u015bci\u0105 Fundacji Dla Transplantacji, dlatego poza samymi koncertami ma r\u00f3wnie\u017c wyra\u017any wymiar spo\u0142eczny.<\/p>\n\n\n\n<p><strong>Grand Festiwal R\u00f3brege \u2013 26 wrze\u015bnia<\/strong><\/p>\n\n\n\n<p>Tego samego dnia w warszawskim Palladium odb\u0119dzie si\u0119<a href=\"https:\/\/biletyna.pl\/festiwal\/Grand-Festiwal-Robrege\"> <strong>Grand Festiwal R\u00f3brege<\/strong><\/a>. Wydarzenie nawi\u0105zuje do historii jednej z wa\u017cnych imprez polskiej sceny niezale\u017cnej i nadal porusza si\u0119 pomi\u0119dzy reggae, dubem, punkiem oraz alternatyw\u0105.<\/p>\n\n\n\n<p>W programie s\u0105: Benzyna, Apogeum, The Hempolics, Dubska z projektem \u201eTribute to Rap Generation\u201d, Dub Inc oraz Neuroby \u2013 projekt Roberta Matery i Kostka Usenki.<\/p>\n\n\n\n<p>To propozycja dla os\u00f3b, kt\u00f3re w festiwalach szukaj\u0105 nie tylko du\u017cych nazwisk, ale te\u017c w\u0142asnego charakteru i zwi\u0105zku z histori\u0105 niezale\u017cnej sceny.<\/p>\n\n\n\n<h2 class=\"wp-block-heading\"><strong>Jaki festiwal we wrze\u015bniu wybra\u0107?<\/strong><\/h2>\n\n\n\n<p>Naj\u0142atwiej zacz\u0105\u0107 od gatunku. Alternatywa i du\u017ce polskie nazwiska? Festiwal NADA. Rock progresywny? Prog Rock Fest. Jazz? Love Polish Jazz Festival. Blues? International Ochota Blues Festival. Muzyka \u015bwiata? Skrzy\u017cowanie Kultur. Soundtracki? Brasswood. Elektronika? Uniland. Taneczne przeboje lat 80. i 90.? The Magic of Disco.<\/p>\n\n\n\n<p>Warto te\u017c spojrze\u0107 na sam\u0105 formu\u0142\u0119. NADA, Uniland czy Brasswood mog\u0105 sta\u0107 si\u0119 pretekstem do weekendowego wyjazdu. Prog Rock Fest, Festiwal Pami\u0119ci Andrzeja Zauchy, PGS Rock Festival czy R\u00f3brege \u0142atwiej potraktowa\u0107 jako konkretny koncertowy wiecz\u00f3r.<\/p>\n\n\n\n<p>Aktualne bilety i kolejne wydarzenia mo\u017cna sprawdzi\u0107 w kategorii<a href=\"https:\/\/biletyna.pl\/festiwal\"> festiwale na Biletyna.pl<\/a>.<\/p>\n\n\n\n<h2 class=\"wp-block-heading\"><strong>FAQ \u2013 najcz\u0119\u015bciej zadawane pytania<\/strong><\/h2>\n\n\n\n<p><strong>1. Jakie festiwale odb\u0119d\u0105 si\u0119 we wrze\u015bniu 2026?<\/strong><\/p>\n\n\n\n<p>Na Biletyna.pl dost\u0119pne s\u0105 m.in. Festiwal NADA, Prog Rock Fest, Festiwal Pami\u0119ci Andrzeja Zauchy, Fortepiano Atelier, Skrzy\u017cowanie Kultur, Uniland Festival, Brasswood Soundtracks, Love Polish Jazz Festival, International Ochota Blues Festival, Festiwal Podr\u00f3\u017cniczy Wataha, The Magic of Disco, PGS Rock Festival oraz Grand Festiwal R\u00f3brege.<\/p>\n\n\n\n<p><strong>2. Kt\u00f3re festiwale we wrze\u015bniu s\u0105 kilkudniowe?<\/strong><\/p>\n\n\n\n<p>Na kilka dni zaplanowano m.in. NADA, Fortepiano Atelier, Skrzy\u017cowanie Kultur, Uniland Festival, Brasswood Soundtracks, Love Polish Jazz Festival, International Ochota Blues Festival i Festiwal Podr\u00f3\u017cniczy Wataha.<\/p>\n\n\n\n<p><strong>3. Gdzie wybra\u0107 si\u0119 we wrze\u015bniu na jazz lub blues?<\/strong><\/p>\n\n\n\n<p>Fani jazzu mog\u0105 sprawdzi\u0107 Love Polish Jazz Festival w Tomaszowie Mazowieckim. Blues b\u0119dzie natomiast g\u0142\u00f3wnym bohaterem International Ochota Blues Festival w Warszawie.<\/p>\n\n\n\n<p><strong>4. Jakie festiwale rockowe odb\u0119d\u0105 si\u0119 we wrze\u015bniu?<\/strong><\/p>\n\n\n\n<p>5 wrze\u015bnia w Legionowie odb\u0119dzie si\u0119 Prog Rock Fest. 26 wrze\u015bnia mo\u017cna wybra\u0107 PGS Rock Festival w Kielcach albo Grand Festiwal R\u00f3brege w Warszawie, kt\u00f3ry \u0142\u0105czy m.in. reggae, punk, dub i alternatyw\u0119.<\/p>\n\n\n\n<p><\/p>\n","protected":false},"excerpt":{"rendered":"<p>Wakacje dobiegaj\u0105 ko\u0144ca, ale kalendarz festiwalowy zdecydowanie nie zwalnia. Wrzesie\u0144 2026 przynosi koncerty i wydarzenia w bardzo r\u00f3\u017cnych klimatach \u2013 od alternatywy i rocka progresywnego przez jazz, blues i muzyk\u0119 \u015bwiata a\u017c po elektronik\u0119, soundtracki oraz taneczne przeboje sprzed lat. To tak\u017ce miesi\u0105c, w kt\u00f3rym festiwale stopniowo przenosz\u0105 si\u0119 z typowo wakacyjnych plener\u00f3w do teatr\u00f3w, hal, klub\u00f3w i innych nietypowych przestrzeni. Sprawdzamy, na jakie wrze\u015bniowe festiwale warto zwr\u00f3ci\u0107 uwag\u0119 i gdzie znale\u017a\u0107 bilety. Spis tre\u015bci Pocz\u0105tek wrze\u015bnia: alternatywa, prog rock i Andrzej Zaucha Festiwal NADA \u2013 4\u20135 wrze\u015bnia Pierwszy weekend wrze\u015bnia mo\u017cna rozpocz\u0105\u0107 w Toruniu. Festiwal NADA odb\u0119dzie si\u0119 4 i 5 wrze\u015bnia w Centrum Targowym Park, a jego program \u0142\u0105czy du\u017ce nazwiska polskiej sceny z alternatyw\u0105 i m\u0142odszymi projektami. W pi\u0105tek wyst\u0105pi\u0105 Kacperczyk, Myslovitz, Kasia Lins, Mild Orange, Walu\u015b Kraksa Kryzys, Daniel Godson, Nene Heroine i Jakub Jan Bryndal. W sobot\u0119 na scenach pojawi\u0105 si\u0119 COMA, IGO, Kerala Dust, Kasia Sienkiewicz, BSK, Livka, OMASTA i \u0141ajka. Dost\u0119pne s\u0105 bilety jednodniowe oraz karnety na ca\u0142y festiwal. To dobra propozycja dla tych, kt\u00f3rzy chc\u0105 symbolicznie przed\u0142u\u017cy\u0107 wakacje i podczas jednego weekendu us\u0142ysze\u0107 zar\u00f3wno rozpoznawalne zespo\u0142y, jak i wykonawc\u00f3w z bardziej alternatywnej cz\u0119\u015bci sceny. Prog Rock Fest 2026 \u2013 5 wrze\u015bnia W [&hellip;]<\/p>\n","protected":false},"author":22,"featured_media":3559,"comment_status":"closed","ping_status":"open","sticky":false,"template":"","format":"standard","meta":{"footnotes":""},"categories":[22],"tags":[30],"class_list":["post-3558","post","type-post","status-publish","format-standard","has-post-thumbnail","hentry","category-festiwale","tag-festiwale-muzyczne"],"yoast_head":"<!-- This site is optimized with the Yoast SEO plugin v26.3 - https:\/\/yoast.com\/wordpress\/plugins\/seo\/ -->\n<title>Festiwale wrzesie\u0144 2026 \u2013 co warto zobaczy\u0107? | Biletyna<\/title>\n<meta name=\"description\" content=\"Festiwale we wrze\u015bniu 2026: NADA, Prog Rock Fest, Brasswood, Skrzy\u017cowanie Kultur, Love Polish Jazz i wi\u0119cej. Sprawd\u017a daty, miasta i line-upy.\" \/>\n<meta name=\"robots\" content=\"index, follow, max-snippet:-1, max-image-preview:large, max-video-preview:-1\" \/>\n<link rel=\"canonical\" href=\"https:\/\/biletyna.pl\/blog\/festiwale-we-wrzesniu-2026\/\" \/>\n<meta property=\"og:locale\" content=\"pl_PL\" \/>\n<meta property=\"og:type\" content=\"article\" \/>\n<meta property=\"og:title\" content=\"Festiwale wrzesie\u0144 2026 \u2013 co warto zobaczy\u0107? | Biletyna\" \/>\n<meta property=\"og:description\" content=\"Festiwale we wrze\u015bniu 2026: NADA, Prog Rock Fest, Brasswood, Skrzy\u017cowanie Kultur, Love Polish Jazz i wi\u0119cej. Sprawd\u017a daty, miasta i line-upy.\" \/>\n<meta property=\"og:url\" content=\"https:\/\/biletyna.pl\/blog\/festiwale-we-wrzesniu-2026\/\" \/>\n<meta property=\"og:site_name\" content=\"Blog o wydarzeniach kulturalnych - biletyna.pl\" \/>\n<meta property=\"article:publisher\" content=\"https:\/\/www.facebook.com\/biletyna\/\" \/>\n<meta property=\"article:published_time\" content=\"2026-09-03T12:12:34+00:00\" \/>\n<meta property=\"og:image\" content=\"https:\/\/biletyna.pl\/blog\/wp-content\/uploads\/2026\/09\/Festiwale-we-wrzesniu-2026.jpg\" \/>\n\t<meta property=\"og:image:width\" content=\"2140\" \/>\n\t<meta property=\"og:image:height\" content=\"800\" \/>\n\t<meta property=\"og:image:type\" content=\"image\/jpeg\" \/>\n<meta name=\"author\" content=\"Patryk Zalaszewski\" \/>\n<meta name=\"twitter:card\" content=\"summary_large_image\" \/>\n<meta name=\"twitter:label1\" content=\"Napisane przez\" \/>\n\t<meta name=\"twitter:data1\" content=\"Patryk Zalaszewski\" \/>\n\t<meta name=\"twitter:label2\" content=\"Szacowany czas czytania\" \/>\n\t<meta name=\"twitter:data2\" content=\"9 minut\" \/>\n<script type=\"application\/ld+json\" class=\"yoast-schema-graph\">{\"@context\":\"https:\/\/schema.org\",\"@graph\":[{\"@type\":\"Article\",\"@id\":\"https:\/\/biletyna.pl\/blog\/festiwale-we-wrzesniu-2026\/#article\",\"isPartOf\":{\"@id\":\"https:\/\/biletyna.pl\/blog\/festiwale-we-wrzesniu-2026\/\"},\"author\":{\"name\":\"Patryk Zalaszewski\",\"@id\":\"https:\/\/biletyna.pl\/blog\/#\/schema\/person\/2f8aae1a24c00c7aa105735708511e69\"},\"headline\":\"Festiwale we wrze\u015bniu 2026 \u2013 co nas czeka w ko\u0144c\u00f3wce lata?\",\"datePublished\":\"2026-09-03T12:12:34+00:00\",\"mainEntityOfPage\":{\"@id\":\"https:\/\/biletyna.pl\/blog\/festiwale-we-wrzesniu-2026\/\"},\"wordCount\":1544,\"publisher\":{\"@id\":\"https:\/\/biletyna.pl\/blog\/#organization\"},\"image\":{\"@id\":\"https:\/\/biletyna.pl\/blog\/festiwale-we-wrzesniu-2026\/#primaryimage\"},\"thumbnailUrl\":\"https:\/\/biletyna.pl\/blog\/wp-content\/uploads\/2026\/09\/Festiwale-we-wrzesniu-2026.jpg\",\"keywords\":[\"festiwale muzyczne\"],\"articleSection\":[\"festiwale\"],\"inLanguage\":\"pl-PL\"},{\"@type\":\"WebPage\",\"@id\":\"https:\/\/biletyna.pl\/blog\/festiwale-we-wrzesniu-2026\/\",\"url\":\"https:\/\/biletyna.pl\/blog\/festiwale-we-wrzesniu-2026\/\",\"name\":\"Festiwale wrzesie\u0144 2026 \u2013 co warto zobaczy\u0107? | Biletyna\",\"isPartOf\":{\"@id\":\"https:\/\/biletyna.pl\/blog\/#website\"},\"primaryImageOfPage\":{\"@id\":\"https:\/\/biletyna.pl\/blog\/festiwale-we-wrzesniu-2026\/#primaryimage\"},\"image\":{\"@id\":\"https:\/\/biletyna.pl\/blog\/festiwale-we-wrzesniu-2026\/#primaryimage\"},\"thumbnailUrl\":\"https:\/\/biletyna.pl\/blog\/wp-content\/uploads\/2026\/09\/Festiwale-we-wrzesniu-2026.jpg\",\"datePublished\":\"2026-09-03T12:12:34+00:00\",\"description\":\"Festiwale we wrze\u015bniu 2026: NADA, Prog Rock Fest, Brasswood, Skrzy\u017cowanie Kultur, Love Polish Jazz i wi\u0119cej. Sprawd\u017a daty, miasta i line-upy.\",\"breadcrumb\":{\"@id\":\"https:\/\/biletyna.pl\/blog\/festiwale-we-wrzesniu-2026\/#breadcrumb\"},\"inLanguage\":\"pl-PL\",\"potentialAction\":[{\"@type\":\"ReadAction\",\"target\":[\"https:\/\/biletyna.pl\/blog\/festiwale-we-wrzesniu-2026\/\"]}]},{\"@type\":\"ImageObject\",\"inLanguage\":\"pl-PL\",\"@id\":\"https:\/\/biletyna.pl\/blog\/festiwale-we-wrzesniu-2026\/#primaryimage\",\"url\":\"https:\/\/biletyna.pl\/blog\/wp-content\/uploads\/2026\/09\/Festiwale-we-wrzesniu-2026.jpg\",\"contentUrl\":\"https:\/\/biletyna.pl\/blog\/wp-content\/uploads\/2026\/09\/Festiwale-we-wrzesniu-2026.jpg\",\"width\":2140,\"height\":800,\"caption\":\"Festiwale we wrze\u015bniu 2026\"},{\"@type\":\"BreadcrumbList\",\"@id\":\"https:\/\/biletyna.pl\/blog\/festiwale-we-wrzesniu-2026\/#breadcrumb\",\"itemListElement\":[{\"@type\":\"ListItem\",\"position\":1,\"name\":\"blog\",\"item\":\"https:\/\/biletyna.pl\/blog\/\"},{\"@type\":\"ListItem\",\"position\":2,\"name\":\"festiwale\",\"item\":\"https:\/\/biletyna.pl\/blog\/category\/festiwale\/\"},{\"@type\":\"ListItem\",\"position\":3,\"name\":\"Festiwale we wrze\u015bniu 2026 \u2013 co nas czeka w ko\u0144c\u00f3wce lata?\"}]},{\"@type\":\"WebSite\",\"@id\":\"https:\/\/biletyna.pl\/blog\/#website\",\"url\":\"https:\/\/biletyna.pl\/blog\/\",\"name\":\"biletyna.pl\",\"description\":\"\",\"publisher\":{\"@id\":\"https:\/\/biletyna.pl\/blog\/#organization\"},\"potentialAction\":[{\"@type\":\"SearchAction\",\"target\":{\"@type\":\"EntryPoint\",\"urlTemplate\":\"https:\/\/biletyna.pl\/blog\/?s={search_term_string}\"},\"query-input\":{\"@type\":\"PropertyValueSpecification\",\"valueRequired\":true,\"valueName\":\"search_term_string\"}}],\"inLanguage\":\"pl-PL\"},{\"@type\":\"Organization\",\"@id\":\"https:\/\/biletyna.pl\/blog\/#organization\",\"name\":\"biletyna.pl\",\"url\":\"https:\/\/biletyna.pl\/blog\/\",\"logo\":{\"@type\":\"ImageObject\",\"inLanguage\":\"pl-PL\",\"@id\":\"https:\/\/biletyna.pl\/blog\/#\/schema\/logo\/image\/\",\"url\":\"https:\/\/biletyna.pl\/blog\/wp-content\/uploads\/2019\/06\/TNA_XL_transp.png\",\"contentUrl\":\"https:\/\/biletyna.pl\/blog\/wp-content\/uploads\/2019\/06\/TNA_XL_transp.png\",\"width\":2500,\"height\":561,\"caption\":\"biletyna.pl\"},\"image\":{\"@id\":\"https:\/\/biletyna.pl\/blog\/#\/schema\/logo\/image\/\"},\"sameAs\":[\"https:\/\/www.facebook.com\/biletyna\/\"]},{\"@type\":\"Person\",\"@id\":\"https:\/\/biletyna.pl\/blog\/#\/schema\/person\/2f8aae1a24c00c7aa105735708511e69\",\"name\":\"Patryk Zalaszewski\",\"image\":{\"@type\":\"ImageObject\",\"inLanguage\":\"pl-PL\",\"@id\":\"https:\/\/biletyna.pl\/blog\/#\/schema\/person\/image\/\",\"url\":\"https:\/\/secure.gravatar.com\/avatar\/06d726582b1f401f6ac9d87427f3b364dc14c997f027680f48f7f1c68f89081c?s=96&d=wavatar&r=g\",\"contentUrl\":\"https:\/\/secure.gravatar.com\/avatar\/06d726582b1f401f6ac9d87427f3b364dc14c997f027680f48f7f1c68f89081c?s=96&d=wavatar&r=g\",\"caption\":\"Patryk Zalaszewski\"}}]}<\/script>\n<!-- \/ Yoast SEO plugin. -->","yoast_head_json":{"title":"Festiwale wrzesie\u0144 2026 \u2013 co warto zobaczy\u0107? | Biletyna","description":"Festiwale we wrze\u015bniu 2026: NADA, Prog Rock Fest, Brasswood, Skrzy\u017cowanie Kultur, Love Polish Jazz i wi\u0119cej. Sprawd\u017a daty, miasta i line-upy.","robots":{"index":"index","follow":"follow","max-snippet":"max-snippet:-1","max-image-preview":"max-image-preview:large","max-video-preview":"max-video-preview:-1"},"canonical":"https:\/\/biletyna.pl\/blog\/festiwale-we-wrzesniu-2026\/","og_locale":"pl_PL","og_type":"article","og_title":"Festiwale wrzesie\u0144 2026 \u2013 co warto zobaczy\u0107? | Biletyna","og_description":"Festiwale we wrze\u015bniu 2026: NADA, Prog Rock Fest, Brasswood, Skrzy\u017cowanie Kultur, Love Polish Jazz i wi\u0119cej. Sprawd\u017a daty, miasta i line-upy.","og_url":"https:\/\/biletyna.pl\/blog\/festiwale-we-wrzesniu-2026\/","og_site_name":"Blog o wydarzeniach kulturalnych - biletyna.pl","article_publisher":"https:\/\/www.facebook.com\/biletyna\/","article_published_time":"2026-09-03T12:12:34+00:00","og_image":[{"width":2140,"height":800,"url":"https:\/\/biletyna.pl\/blog\/wp-content\/uploads\/2026\/09\/Festiwale-we-wrzesniu-2026.jpg","type":"image\/jpeg"}],"author":"Patryk Zalaszewski","twitter_card":"summary_large_image","twitter_misc":{"Napisane przez":"Patryk Zalaszewski","Szacowany czas czytania":"9 minut"},"schema":{"@context":"https:\/\/schema.org","@graph":[{"@type":"Article","@id":"https:\/\/biletyna.pl\/blog\/festiwale-we-wrzesniu-2026\/#article","isPartOf":{"@id":"https:\/\/biletyna.pl\/blog\/festiwale-we-wrzesniu-2026\/"},"author":{"name":"Patryk Zalaszewski","@id":"https:\/\/biletyna.pl\/blog\/#\/schema\/person\/2f8aae1a24c00c7aa105735708511e69"},"headline":"Festiwale we wrze\u015bniu 2026 \u2013 co nas czeka w ko\u0144c\u00f3wce lata?","datePublished":"2026-09-03T12:12:34+00:00","mainEntityOfPage":{"@id":"https:\/\/biletyna.pl\/blog\/festiwale-we-wrzesniu-2026\/"},"wordCount":1544,"publisher":{"@id":"https:\/\/biletyna.pl\/blog\/#organization"},"image":{"@id":"https:\/\/biletyna.pl\/blog\/festiwale-we-wrzesniu-2026\/#primaryimage"},"thumbnailUrl":"https:\/\/biletyna.pl\/blog\/wp-content\/uploads\/2026\/09\/Festiwale-we-wrzesniu-2026.jpg","keywords":["festiwale muzyczne"],"articleSection":["festiwale"],"inLanguage":"pl-PL"},{"@type":"WebPage","@id":"https:\/\/biletyna.pl\/blog\/festiwale-we-wrzesniu-2026\/","url":"https:\/\/biletyna.pl\/blog\/festiwale-we-wrzesniu-2026\/","name":"Festiwale wrzesie\u0144 2026 \u2013 co warto zobaczy\u0107? | Biletyna","isPartOf":{"@id":"https:\/\/biletyna.pl\/blog\/#website"},"primaryImageOfPage":{"@id":"https:\/\/biletyna.pl\/blog\/festiwale-we-wrzesniu-2026\/#primaryimage"},"image":{"@id":"https:\/\/biletyna.pl\/blog\/festiwale-we-wrzesniu-2026\/#primaryimage"},"thumbnailUrl":"https:\/\/biletyna.pl\/blog\/wp-content\/uploads\/2026\/09\/Festiwale-we-wrzesniu-2026.jpg","datePublished":"2026-09-03T12:12:34+00:00","description":"Festiwale we wrze\u015bniu 2026: NADA, Prog Rock Fest, Brasswood, Skrzy\u017cowanie Kultur, Love Polish Jazz i wi\u0119cej. Sprawd\u017a daty, miasta i line-upy.","breadcrumb":{"@id":"https:\/\/biletyna.pl\/blog\/festiwale-we-wrzesniu-2026\/#breadcrumb"},"inLanguage":"pl-PL","potentialAction":[{"@type":"ReadAction","target":["https:\/\/biletyna.pl\/blog\/festiwale-we-wrzesniu-2026\/"]}]},{"@type":"ImageObject","inLanguage":"pl-PL","@id":"https:\/\/biletyna.pl\/blog\/festiwale-we-wrzesniu-2026\/#primaryimage","url":"https:\/\/biletyna.pl\/blog\/wp-content\/uploads\/2026\/09\/Festiwale-we-wrzesniu-2026.jpg","contentUrl":"https:\/\/biletyna.pl\/blog\/wp-content\/uploads\/2026\/09\/Festiwale-we-wrzesniu-2026.jpg","width":2140,"height":800,"caption":"Festiwale we wrze\u015bniu 2026"},{"@type":"BreadcrumbList","@id":"https:\/\/biletyna.pl\/blog\/festiwale-we-wrzesniu-2026\/#breadcrumb","itemListElement":[{"@type":"ListItem","position":1,"name":"blog","item":"https:\/\/biletyna.pl\/blog\/"},{"@type":"ListItem","position":2,"name":"festiwale","item":"https:\/\/biletyna.pl\/blog\/category\/festiwale\/"},{"@type":"ListItem","position":3,"name":"Festiwale we wrze\u015bniu 2026 \u2013 co nas czeka w ko\u0144c\u00f3wce lata?"}]},{"@type":"WebSite","@id":"https:\/\/biletyna.pl\/blog\/#website","url":"https:\/\/biletyna.pl\/blog\/","name":"biletyna.pl","description":"","publisher":{"@id":"https:\/\/biletyna.pl\/blog\/#organization"},"potentialAction":[{"@type":"SearchAction","target":{"@type":"EntryPoint","urlTemplate":"https:\/\/biletyna.pl\/blog\/?s={search_term_string}"},"query-input":{"@type":"PropertyValueSpecification","valueRequired":true,"valueName":"search_term_string"}}],"inLanguage":"pl-PL"},{"@type":"Organization","@id":"https:\/\/biletyna.pl\/blog\/#organization","name":"biletyna.pl","url":"https:\/\/biletyna.pl\/blog\/","logo":{"@type":"ImageObject","inLanguage":"pl-PL","@id":"https:\/\/biletyna.pl\/blog\/#\/schema\/logo\/image\/","url":"https:\/\/biletyna.pl\/blog\/wp-content\/uploads\/2019\/06\/TNA_XL_transp.png","contentUrl":"https:\/\/biletyna.pl\/blog\/wp-content\/uploads\/2019\/06\/TNA_XL_transp.png","width":2500,"height":561,"caption":"biletyna.pl"},"image":{"@id":"https:\/\/biletyna.pl\/blog\/#\/schema\/logo\/image\/"},"sameAs":["https:\/\/www.facebook.com\/biletyna\/"]},{"@type":"Person","@id":"https:\/\/biletyna.pl\/blog\/#\/schema\/person\/2f8aae1a24c00c7aa105735708511e69","name":"Patryk Zalaszewski","image":{"@type":"ImageObject","inLanguage":"pl-PL","@id":"https:\/\/biletyna.pl\/blog\/#\/schema\/person\/image\/","url":"https:\/\/secure.gravatar.com\/avatar\/06d726582b1f401f6ac9d87427f3b364dc14c997f027680f48f7f1c68f89081c?s=96&d=wavatar&r=g","contentUrl":"https:\/\/secure.gravatar.com\/avatar\/06d726582b1f401f6ac9d87427f3b364dc14c997f027680f48f7f1c68f89081c?s=96&d=wavatar&r=g","caption":"Patryk Zalaszewski"}}]}},"_links":{"self":[{"href":"https:\/\/biletyna.pl\/blog\/wp-json\/wp\/v2\/posts\/3558","targetHints":{"allow":["GET"]}}],"collection":[{"href":"https:\/\/biletyna.pl\/blog\/wp-json\/wp\/v2\/posts"}],"about":[{"href":"https:\/\/biletyna.pl\/blog\/wp-json\/wp\/v2\/types\/post"}],"author":[{"embeddable":true,"href":"https:\/\/biletyna.pl\/blog\/wp-json\/wp\/v2\/users\/22"}],"replies":[{"embeddable":true,"href":"https:\/\/biletyna.pl\/blog\/wp-json\/wp\/v2\/comments?post=3558"}],"version-history":[{"count":0,"href":"https:\/\/biletyna.pl\/blog\/wp-json\/wp\/v2\/posts\/3558\/revisions"}],"wp:featuredmedia":[{"embeddable":true,"href":"https:\/\/biletyna.pl\/blog\/wp-json\/wp\/v2\/media\/3559"}],"wp:attachment":[{"href":"https:\/\/biletyna.pl\/blog\/wp-json\/wp\/v2\/media?parent=3558"}],"wp:term":[{"taxonomy":"category","embeddable":true,"href":"https:\/\/biletyna.pl\/blog\/wp-json\/wp\/v2\/categories?post=3558"},{"taxonomy":"post_tag","embeddable":true,"href":"https:\/\/biletyna.pl\/blog\/wp-json\/wp\/v2\/tags?post=3558"}],"curies":[{"name":"wp","href":"https:\/\/api.w.org\/{rel}","templated":true}]}}